{"id":8523,"date":"2025-10-19T02:55:55","date_gmt":"2025-10-19T02:55:55","guid":{"rendered":"https:\/\/anunciatasolidaria.org\/escola-de-musica-gna-rosa-font-fuster-musica-i-educacio-que-transformen-vides-a-belo-horizonte\/"},"modified":"2026-08-07T23:34:36","modified_gmt":"2026-08-07T23:34:36","slug":"escola-de-musica-gna-rosa-font-fuster-musica-i-educacio-que-transformen-vides-a-belo-horizonte","status":"publish","type":"post","link":"https:\/\/anunciatasolidaria.org\/ca\/escola-de-musica-gna-rosa-font-fuster-musica-i-educacio-que-transformen-vides-a-belo-horizonte\/","title":{"rendered":"Escola de M\u00fasica Gna. Rosa Font Fuster: m\u00fasica i educaci\u00f3 que transformen vides a Belo Horizonte"},"content":{"rendered":"\n<p class=\"wp-block-paragraph\"><strong>Especificacions: <\/strong><\/p>\n\n<ul class=\"wp-block-list\">\n<li>Prov\u00edncia: Rosa Santaeugenia | 2024 \u2013 Present<\/li>\n\n\n\n<li><strong>\u00c0mbit<\/strong>: Desenvolupament comunitari<\/li>\n\n\n\n<li><strong>Execuci\u00f3<\/strong>: Gnes. Dominiques de l&#8217;Anunciata <\/li>\n<\/ul>\n\n<p class=\"wp-block-paragraph\"><\/p>\n\n<p class=\"wp-block-paragraph\">El projecte es desenvolupa al Barri Aar\u00e3o Reis, situat a Belo Horizonte, capital de l&#8217;estat de Minas Gerais (regi\u00f3 sud-est del Brasil), una ciutat amb m\u00e9s de 2,5 milions d&#8217;habitants.<\/p>\n\n<p class=\"wp-block-paragraph\">Aar\u00e3o Reis \u00e9s una zona amb alts \u00edndexs de marginaci\u00f3 social, vinculats principalment al consum de drogues i alcohol, la qual cosa genera un entorn de viol\u00e8ncia en el qual infants, adolescents i joves estan freq\u00fcentment exposats. La manca de serveis b\u00e0sics i la meitat de les pol\u00edtiques p\u00fabliques, especialment en l&#8217;\u00e0mbit educatiu, agreugen aquesta situaci\u00f3. <\/p>\n\n<p class=\"wp-block-paragraph\">El 2023, la capital va registrar 3.390 casos d&#8217;adolescents involucrats en processos judicials, un augment de l&#8217;11% respecte al 2022, amb m\u00e9s d&#8217;un ter\u00e7 dels casos vinculats al tr\u00e0fic de drogues. A m\u00e9s, els joves d&#8217;entre 15 i 29 anys representen el 62% de les v\u00edctimes d&#8217;homicidi, tot i ser nom\u00e9s el 26,7% de la poblaci\u00f3. <\/p>\n\n<p class=\"wp-block-paragraph\">Davant d&#8217;aquest escenari, el municipi va implementar el Programa Territ\u00f3rios Seguros, que utilitza la cultura i les arts (m\u00fasica, dansa, fotografia) com a estrat\u00e8gia de prevenci\u00f3, aconseguint impactar m\u00e9s de 1.300 joves entre el 2022 i el 2024.<\/p>\n\n<p class=\"wp-block-paragraph\">L&#8217;Escola de M\u00fasica Gna. Rosa Font Fuster es presenta com un espai centre de desenvolupament comunitari i protecci\u00f3 social, on la m\u00fasica no nom\u00e9s educa, sin\u00f3 que genera vincles comunitaris, prev\u00e9 el risc social i promou l&#8217;esperan\u00e7a en un barri marcat per l&#8217;adversitat. <\/p>\n\n<h5 class=\"wp-block-heading\"><strong>El projecte:<\/strong><\/h5>\n\n<p class=\"wp-block-paragraph\">L&#8217;Escola de M\u00fasica Gna. Rosa Font Fuster va n\u00e9ixer el 2014 com a continuaci\u00f3 de la missi\u00f3 iniciada el 1991 per la Germana Rosa Font, qui va dedicar m\u00e9s de dues d\u00e8cades a ensenyar m\u00fasica al Barri Aar\u00e3o Reis, a Belo Horizonte. El seu lema, \u00abCanviar una arma per una flauta\u00bb, reflecteix la convicci\u00f3 que la m\u00fasica pot ser un instrument de pau, dignitat i transformaci\u00f3 social. Despr\u00e9s de la seva mort el 2013, exalumnes i la comunitat de Germanes Dominiques de l&#8217;Anunciata van assumir el comprom\u00eds de donar continu\u00eftat a la seva obra, convertint la m\u00fasica en un cam\u00ed d&#8217;inclusi\u00f3 i esperan\u00e7a per a infants i joves del barri.   <\/p>\n\n<p class=\"wp-block-paragraph\">Actualment, l&#8217;Escola acull 75 alumnes que reben formaci\u00f3 musical en flauta, viol\u00ed, guitarra, piano, violoncel, clarinet, entre d&#8217;altres instruments. Tanmateix, la manca d&#8217;un espai propi i adequat ha obligat a improvisar aules al garatge, la bugaderia o petites sales de la casa de la comunitat. El creixement de la demanda i la necessitat d&#8217;oferir un ambient segur fan urgent la construcci\u00f3 d&#8217;una infraestructura de 150 m\u00b2, amb sales acondicionades i una sala per a presentacions.  <\/p>\n\n<p class=\"wp-block-paragraph\">El projecte es justifica sobre la base de la realitat de l&#8217;entorn i el context local, on l&#8217;Escola no \u00e9s nom\u00e9s un centre educatiu, sin\u00f3 un espai comunitari de prevenci\u00f3 i protecci\u00f3 social, on la m\u00fasica refor\u00e7a l&#8217;autoestima, fomenta la conviv\u00e8ncia, ofereix alternatives d&#8217;oci saludable i contribueix a trencar el cercle de viol\u00e8ncia i exclusi\u00f3.<\/p>\n\n<h5 class=\"wp-block-heading\"><strong>Objectiu:<\/strong><\/h5>\n\n<ul class=\"wp-block-list\">\n<li>Crear un espai segur per a infants, adolescents i joves del Barri Aar\u00e3o Reis utilitzant la m\u00fasica com a mitj\u00e0 de prevenci\u00f3 davant la viol\u00e8ncia i el consum de drogues.<\/li>\n\n\n\n<li>Oferir alternatives de formaci\u00f3 cultural i art\u00edstica, complement\u00e0ries a l&#8217;educaci\u00f3 formal, que reforcin l&#8217;autoestima, la disciplina i el sentit de pertinen\u00e7a.<\/li>\n\n\n\n<li>Enfortir el teixit comunitari, involucrant fam\u00edlies i ve\u00efns en un projecte que genera oportunitats de trobada, esperan\u00e7a i transformaci\u00f3 social.<\/li>\n<\/ul>\n\n<p class=\"wp-block-paragraph\"><strong>Beneficiaris:<\/strong><\/p>\n\n<ul class=\"wp-block-list\">\n<li>Directes: 75 alumnes (infants, adolescents i joves d&#8217;entre 5 i 23 anys)<\/li>\n\n\n\n<li>Docents i formadors vinculats: 7<\/li>\n\n\n\n<li>Indirectes: Al voltant de 230 familiars i membres de la comunitat<\/li>\n<\/ul>\n\n<p class=\"wp-block-paragraph\"><strong>Pressupost total del projecte:<\/strong> 125.205,00 \u20ac<\/p>\n","protected":false},"excerpt":{"rendered":"<p>Especificacions: El projecte es desenvolupa al Barri Aar\u00e3o Reis, situat a Belo Horizonte, capital de l&#8217;estat de Minas Gerais (regi\u00f3 sud-est del Brasil), una ciutat amb m\u00e9s de 2,5 milions d&#8217;habitants. Aar\u00e3o Reis \u00e9s una zona amb alts \u00edndexs de marginaci\u00f3 social, vinculats principalment al consum de drogues i alcohol, la qual cosa genera un [&hellip;]<\/p>\n","protected":false},"author":140901724,"featured_media":8522,"comment_status":"open","ping_status":"open","sticky":false,"template":"","format":"standard","meta":{"_et_pb_use_builder":"off","_et_pb_old_content":"","_et_gb_content_width":"","advanced_seo_description":"","jetpack_seo_html_title":"","jetpack_seo_noindex":false,"jetpack_seo_schema_type":"","_jetpack_newsletter_access":"","_jetpack_dont_email_post_to_subs":false,"_jetpack_newsletter_tier_id":0,"_jetpack_memberships_contains_paywalled_content":false,"_wpcom_ai_launchpad_first_post":false,"_jetpack_feature_clip_id":0,"_jetpack_memberships_contains_paid_content":false,"footnotes":"","jetpack_publicize_message":"{title}\n\n{excerpt}\n\n{url}","jetpack_publicize_feature_enabled":true,"jetpack_social_post_already_shared":true,"jetpack_social_options":{"image_generator_settings":{"template":"highway","default_image_id":0,"font":"","enabled":false},"version":2},"_wpas_customize_per_network":false,"jetpack_post_was_ever_published":false},"categories":[995413],"tags":[],"class_list":["post-8523","post","type-post","status-publish","format-standard","has-post-thumbnail","hentry","category-projecte-de-desenvolupament-comunitari-actiu"],"jetpack_publicize_connections":[],"jetpack_likes_enabled":false,"jetpack_sharing_enabled":true,"jetpack_shortlink":"https:\/\/wp.me\/pa1JU2-2dt","jetpack_featured_media_url":"https:\/\/i0.wp.com\/anunciatasolidaria.org\/wp-content\/uploads\/2025\/10\/escuela-de-musica-rosa-font.jpg?fit=4608%2C3072&ssl=1","_links":{"self":[{"href":"https:\/\/anunciatasolidaria.org\/ca\/wp-json\/wp\/v2\/posts\/8523","targetHints":{"allow":["GET"]}}],"collection":[{"href":"https:\/\/anunciatasolidaria.org\/ca\/wp-json\/wp\/v2\/posts"}],"about":[{"href":"https:\/\/anunciatasolidaria.org\/ca\/wp-json\/wp\/v2\/types\/post"}],"author":[{"embeddable":true,"href":"https:\/\/anunciatasolidaria.org\/ca\/wp-json\/wp\/v2\/users\/140901724"}],"replies":[{"embeddable":true,"href":"https:\/\/anunciatasolidaria.org\/ca\/wp-json\/wp\/v2\/comments?post=8523"}],"version-history":[{"count":1,"href":"https:\/\/anunciatasolidaria.org\/ca\/wp-json\/wp\/v2\/posts\/8523\/revisions"}],"predecessor-version":[{"id":8524,"href":"https:\/\/anunciatasolidaria.org\/ca\/wp-json\/wp\/v2\/posts\/8523\/revisions\/8524"}],"wp:featuredmedia":[{"embeddable":true,"href":"https:\/\/anunciatasolidaria.org\/ca\/wp-json\/wp\/v2\/media\/8522"}],"wp:attachment":[{"href":"https:\/\/anunciatasolidaria.org\/ca\/wp-json\/wp\/v2\/media?parent=8523"}],"wp:term":[{"taxonomy":"category","embeddable":true,"href":"https:\/\/anunciatasolidaria.org\/ca\/wp-json\/wp\/v2\/categories?post=8523"},{"taxonomy":"post_tag","embeddable":true,"href":"https:\/\/anunciatasolidaria.org\/ca\/wp-json\/wp\/v2\/tags?post=8523"}],"curies":[{"name":"wp","href":"https:\/\/api.w.org\/{rel}","templated":true}]}}