{"id":8550,"date":"2025-08-12T15:25:37","date_gmt":"2025-08-12T15:25:37","guid":{"rendered":"https:\/\/anunciatasolidaria.org\/construccio-daules-a-lescola-saint-francois-coll-de-sinende-benin\/"},"modified":"2026-08-07T23:50:33","modified_gmt":"2026-08-07T23:50:33","slug":"construccio-daules-a-lescola-saint-francois-coll-de-sinende-benin","status":"publish","type":"post","link":"https:\/\/anunciatasolidaria.org\/ca\/construccio-daules-a-lescola-saint-francois-coll-de-sinende-benin\/","title":{"rendered":"Construcci\u00f3 d&#8217;aules a l&#8217;Escola Saint Fran\u00e7ois Coll de Sinend\u00e9, Ben\u00edn"},"content":{"rendered":"\n<h4 class=\"wp-block-heading\">Projecte executat durant el curs 2024-2025<\/h4>\n\n<p class=\"wp-block-paragraph\"><strong>Sinend\u00e9<\/strong> \u00e9s una comuna rural ubicada al departament de Borgou, al nord de <strong>Ben\u00edn<\/strong>, pa\u00eds situat a l&#8217;\u00c0frica Occidental i amb una poblaci\u00f3 estimada de m\u00e9s de <strong>13 milions d&#8217;habitants. <\/strong>Ben\u00edn \u00e9s un pa\u00eds oficialment laic i democr\u00e0tic, l&#8217;economia del qual dep\u00e8n en gran mesura de l&#8217;agricultura de subsist\u00e8ncia. Tot i que en les \u00faltimes d\u00e8cades hi ha hagut aven\u00e7os en desenvolupament hum\u00e0, <strong>les desigualtats entre el sud urb\u00e0 i el nord rural continuen sent molt marcades, <\/strong>afectant especialment l&#8217;acc\u00e9s a l&#8217;educaci\u00f3, la salut i les infraestructures b\u00e0siques.  <\/p>\n\n<p class=\"wp-block-paragraph\">La regi\u00f3 nord, on es troba Sinend\u00e9, es caracteritza per un <strong>context socioecon\u00f2mic desfavorable.<\/strong> Les comunitats s\u00f3n majorit\u00e0riament musulmanes, amb estructures familiars polig\u00e0miques i un teixit social basat en el treball agr\u00edcola.  La megaritzaci\u00f3 o escolaritzaci\u00f3 infantil es veu megaritzada per factors com el treball infantil, els despla\u00e7aments estacionals, la manca d&#8217;infraestructures adequades i la limitada formaci\u00f3 del professorat. Tot i que la taxa d&#8217;alfabetitzaci\u00f3 nacional ha millorat en els \u00faltims anys (63,1% segons el Banc Mundial, 2022), en zones rurals del <\/p>\n\n<p class=\"wp-block-paragraph\"><strong>nord l&#8217;analfabetisme continua sent alt, especialment entre les dones i nenes.<\/strong> (2). Davant la manca de centres educatius accessibles i de qualitat, moltes fam\u00edlies rurals opten per enviar els seus fills a centres amb internat, com el <strong>Complex Escolar Saint Fran\u00e7ois COLL,<\/strong> on poden accedir a un entorn m\u00e9s segur i estable per a la seva formaci\u00f3. Tanmateix, <strong>la demanda ha superat la capacitat actual del centre,<\/strong> generant sobrecarrega a les aules i condicions poc \u00f2ptimes per a l&#8217;aprenentatge. <\/p>\n\n<p class=\"wp-block-paragraph\">En aquest context, la construcci\u00f3 de noves aules \u00e9s una necessitat urgent per garantir el dret a una educaci\u00f3 digne, segura i de qualitat per a nens i nenes del medi rural, i per continuar promovent la missi\u00f3 educativa i humanitzadora de les Germanes Dominiques de l&#8217;Anunciata a la regi\u00f3.<\/p>\n\n<div class=\"wp-block-jetpack-slideshow aligncenter\" data-effect=\"slide\" style=\"--aspect-ratio:calc(1024 \/ 683)\"><div class=\"wp-block-jetpack-slideshow_container swiper\"><ul class=\"wp-block-jetpack-slideshow_swiper-wrapper swiper-wrapper\"><li class=\"wp-block-jetpack-slideshow_slide swiper-slide\"><figure><img data-recalc-dims=\"1\" loading=\"lazy\" decoding=\"async\" width=\"1024\" height=\"683\" alt=\"\" class=\"wp-block-jetpack-slideshow_image wp-image-4110\" data-id=\"4110\" data-aspect-ratio=\"1024 \/ 683\" src=\"https:\/\/i0.wp.com\/anunciatasolidaria.org\/wp-content\/uploads\/2025\/08\/ninos-sinende-benin.jpg?resize=1024%2C683&#038;ssl=1\" srcset=\"https:\/\/anunciatasolidaria.org\/wp-content\/uploads\/2025\/08\/ninos-sinende-benin-980x653.jpg 980w, https:\/\/anunciatasolidaria.org\/wp-content\/uploads\/2025\/08\/ninos-sinende-benin-480x320.jpg 480w\" sizes=\"(min-width: 0px) and (max-width: 480px) 480px, (min-width: 481px) and (max-width: 980px) 980px, (min-width: 981px) 1024px, 100vw\" \/><\/figure><\/li><li class=\"wp-block-jetpack-slideshow_slide swiper-slide\"><figure><img data-recalc-dims=\"1\" loading=\"lazy\" decoding=\"async\" width=\"1024\" height=\"683\" alt=\"\" class=\"wp-block-jetpack-slideshow_image wp-image-4109\" data-id=\"4109\" data-aspect-ratio=\"1024 \/ 683\" src=\"https:\/\/i0.wp.com\/anunciatasolidaria.org\/wp-content\/uploads\/2025\/08\/ninos-alumnos-benin.jpg?resize=1024%2C683&#038;ssl=1\" srcset=\"https:\/\/anunciatasolidaria.org\/wp-content\/uploads\/2025\/08\/ninos-alumnos-benin-980x653.jpg 980w, https:\/\/anunciatasolidaria.org\/wp-content\/uploads\/2025\/08\/ninos-alumnos-benin-480x320.jpg 480w\" sizes=\"(min-width: 0px) and (max-width: 480px) 480px, (min-width: 481px) and (max-width: 980px) 980px, (min-width: 981px) 1024px, 100vw\" \/><\/figure><\/li><li class=\"wp-block-jetpack-slideshow_slide swiper-slide\"><figure><img data-recalc-dims=\"1\" loading=\"lazy\" decoding=\"async\" width=\"1024\" height=\"683\" alt=\"\" class=\"wp-block-jetpack-slideshow_image wp-image-4112\" data-id=\"4112\" data-aspect-ratio=\"1024 \/ 683\" src=\"https:\/\/i0.wp.com\/anunciatasolidaria.org\/wp-content\/uploads\/2025\/08\/alumnos-benin.jpg?resize=1024%2C683&#038;ssl=1\" srcset=\"https:\/\/anunciatasolidaria.org\/wp-content\/uploads\/2025\/08\/alumnos-benin-980x653.jpg 980w, https:\/\/anunciatasolidaria.org\/wp-content\/uploads\/2025\/08\/alumnos-benin-480x320.jpg 480w\" sizes=\"(min-width: 0px) and (max-width: 480px) 480px, (min-width: 481px) and (max-width: 980px) 980px, (min-width: 981px) 1024px, 100vw\" \/><\/figure><\/li><li class=\"wp-block-jetpack-slideshow_slide swiper-slide\"><figure><img data-recalc-dims=\"1\" loading=\"lazy\" decoding=\"async\" width=\"1024\" height=\"683\" alt=\"\" class=\"wp-block-jetpack-slideshow_image wp-image-4111\" data-id=\"4111\" data-aspect-ratio=\"1024 \/ 683\" src=\"https:\/\/i0.wp.com\/anunciatasolidaria.org\/wp-content\/uploads\/2025\/08\/ninos.jpg?resize=1024%2C683&#038;ssl=1\" srcset=\"https:\/\/anunciatasolidaria.org\/wp-content\/uploads\/2025\/08\/ninos-980x653.jpg 980w, https:\/\/anunciatasolidaria.org\/wp-content\/uploads\/2025\/08\/ninos-480x320.jpg 480w\" sizes=\"(min-width: 0px) and (max-width: 480px) 480px, (min-width: 481px) and (max-width: 980px) 980px, (min-width: 981px) 1024px, 100vw\" \/><\/figure><\/li><\/ul><a class=\"wp-block-jetpack-slideshow_button-prev swiper-button-prev swiper-button-white\" role=\"button\"><\/a><a class=\"wp-block-jetpack-slideshow_button-next swiper-button-next swiper-button-white\" role=\"button\"><\/a><a aria-label=\"Pause Slideshow\" class=\"wp-block-jetpack-slideshow_button-pause\" role=\"button\"><\/a><div class=\"wp-block-jetpack-slideshow_pagination swiper-pagination swiper-pagination-white\"><\/div><\/div><\/div>\n\n<p class=\"wp-block-paragraph\"><\/p>\n\n<h5 class=\"wp-block-heading\"><strong>El projecte:<\/strong><\/h5>\n\n<p class=\"wp-block-paragraph\">El projecte consisteix en la construcci\u00f3 d&#8217;un m\u00f2dul de 3 aules en planta baixa (R+1) amb lavabos inclosos, dins del Complex Escolar Saint Fran\u00e7ois Coll. Aquesta primera fase d&#8217;obra forma part d&#8217;un pla m\u00e9s ampli que preveu un edifici de dues plantes, amb la finalitat de respondre a la creixent demanda educativa sense comprometre la qualitat de l&#8217;acompanyament docent. <\/p>\n\n<p class=\"wp-block-paragraph\">El nou m\u00f2dul permetr\u00e0 megar aules de la secci\u00f3 secund\u00e0ria que actualment s\u00f3n utilitzades per la prim\u00e0ria, millorant aix\u00ed l&#8217;organitzaci\u00f3 i el funcionament del centre. Aquesta adequaci\u00f3 d&#8217;espais beneficiar\u00e0 tant els alumnes com el professorat, promovent un ambient m\u00e9s estructurat, segur i pedag\u00f2gicament efica\u00e7. <\/p>\n\n<h5 class=\"wp-block-heading\"><strong>Objectius: <\/strong><\/h5>\n\n<ul class=\"wp-block-list\">\n<li>Oferir una educaci\u00f3 de qualitat i acollir el m\u00e0xim nombre possible d&#8217;estudiants en condicions adequades.<\/li>\n\n\n\n<li>Facilitar el seguiment pedag\u00f2gic reduint el nombre d&#8217;alumnes per aula.<\/li>\n\n\n\n<li>Satisfer les sol\u00b7licituds d&#8217;inscripci\u00f3 de noves fam\u00edlies que arriben a la zona.<\/li>\n\n\n\n<li>Millorar el rendiment acad\u00e8mic i l&#8217;ambient escolar amb aules ben equipades i espaioses.<\/li>\n\n\n\n<li>Enfortir la missi\u00f3 educativa i evangelitzadora de les Germanes Dominiques de l&#8217;Anunciata a Sinend\u00e9.<\/li>\n<\/ul>\n\n<p class=\"wp-block-paragraph\"><strong>Beneficiaris: <\/strong><\/p>\n\n<ul class=\"wp-block-list\">\n<li>Directes: 356 estudiants de la secci\u00f3 prim\u00e0ria del centre.<\/li>\n\n\n\n<li>Docents: 11 professors, especialment els de nivell b\u00e0sic.<\/li>\n\n\n\n<li>Indirectes \/ Fam\u00edlies: Aproximadament 300 fam\u00edlies que confien la formaci\u00f3 dels seus fills al centre.<\/li>\n\n\n\n<li>El conjunt d&#8217;usuaris del complex escolar.<\/li>\n<\/ul>\n\n<p class=\"wp-block-paragraph\">Pressupost total del projecte: 74.052 \u20ac <\/p>\n","protected":false},"excerpt":{"rendered":"<p>Projecte executat durant el curs 2024-2025 Sinend\u00e9 \u00e9s una comuna rural ubicada al departament de Borgou, al nord de Ben\u00edn, pa\u00eds situat a l&#8217;\u00c0frica Occidental i amb una poblaci\u00f3 estimada de m\u00e9s de 13 milions d&#8217;habitants. Ben\u00edn \u00e9s un pa\u00eds oficialment laic i democr\u00e0tic, l&#8217;economia del qual dep\u00e8n en gran mesura de l&#8217;agricultura de subsist\u00e8ncia. [&hellip;]<\/p>\n","protected":false},"author":140901724,"featured_media":8549,"comment_status":"open","ping_status":"open","sticky":false,"template":"","format":"standard","meta":{"_et_pb_use_builder":"off","_et_pb_old_content":"","_et_gb_content_width":"","advanced_seo_description":"","jetpack_seo_html_title":"","jetpack_seo_noindex":false,"jetpack_seo_schema_type":"","_jetpack_newsletter_access":"","_jetpack_dont_email_post_to_subs":false,"_jetpack_newsletter_tier_id":0,"_jetpack_memberships_contains_paywalled_content":false,"_wpcom_ai_launchpad_first_post":false,"_jetpack_feature_clip_id":0,"_jetpack_memberships_contains_paid_content":false,"footnotes":"","jetpack_publicize_message":"{title}\n\n{excerpt}\n\n{url}","jetpack_publicize_feature_enabled":true,"jetpack_social_post_already_shared":true,"jetpack_social_options":{"image_generator_settings":{"template":"highway","default_image_id":0,"font":"","enabled":false},"version":2},"_wpas_customize_per_network":false,"jetpack_post_was_ever_published":false},"categories":[995418],"tags":[],"class_list":["post-8550","post","type-post","status-publish","format-standard","has-post-thumbnail","hentry","category-projecte-educatiu"],"jetpack_publicize_connections":[],"jetpack_likes_enabled":false,"jetpack_sharing_enabled":true,"jetpack_shortlink":"https:\/\/wp.me\/pa1JU2-2dU","jetpack_featured_media_url":"https:\/\/i0.wp.com\/anunciatasolidaria.org\/wp-content\/uploads\/2025\/08\/becas-escolares-africa.jpg?fit=4028%2C2770&ssl=1","_links":{"self":[{"href":"https:\/\/anunciatasolidaria.org\/ca\/wp-json\/wp\/v2\/posts\/8550","targetHints":{"allow":["GET"]}}],"collection":[{"href":"https:\/\/anunciatasolidaria.org\/ca\/wp-json\/wp\/v2\/posts"}],"about":[{"href":"https:\/\/anunciatasolidaria.org\/ca\/wp-json\/wp\/v2\/types\/post"}],"author":[{"embeddable":true,"href":"https:\/\/anunciatasolidaria.org\/ca\/wp-json\/wp\/v2\/users\/140901724"}],"replies":[{"embeddable":true,"href":"https:\/\/anunciatasolidaria.org\/ca\/wp-json\/wp\/v2\/comments?post=8550"}],"version-history":[{"count":1,"href":"https:\/\/anunciatasolidaria.org\/ca\/wp-json\/wp\/v2\/posts\/8550\/revisions"}],"predecessor-version":[{"id":8552,"href":"https:\/\/anunciatasolidaria.org\/ca\/wp-json\/wp\/v2\/posts\/8550\/revisions\/8552"}],"wp:featuredmedia":[{"embeddable":true,"href":"https:\/\/anunciatasolidaria.org\/ca\/wp-json\/wp\/v2\/media\/8549"}],"wp:attachment":[{"href":"https:\/\/anunciatasolidaria.org\/ca\/wp-json\/wp\/v2\/media?parent=8550"}],"wp:term":[{"taxonomy":"category","embeddable":true,"href":"https:\/\/anunciatasolidaria.org\/ca\/wp-json\/wp\/v2\/categories?post=8550"},{"taxonomy":"post_tag","embeddable":true,"href":"https:\/\/anunciatasolidaria.org\/ca\/wp-json\/wp\/v2\/tags?post=8550"}],"curies":[{"name":"wp","href":"https:\/\/api.w.org\/{rel}","templated":true}]}}