{"id":8615,"date":"2025-08-04T19:11:15","date_gmt":"2025-08-04T19:11:15","guid":{"rendered":"https:\/\/anunciatasolidaria.org\/una-camioneta-per-evangelitzar-a-lamazonia-projecte-solidari-amb-les-germanes-dominiques-a-acre-el-brasil\/"},"modified":"2026-08-08T00:35:10","modified_gmt":"2026-08-08T00:35:10","slug":"una-camioneta-per-evangelitzar-a-lamazonia-projecte-solidari-amb-les-germanes-dominiques-a-acre-el-brasil","status":"publish","type":"post","link":"https:\/\/anunciatasolidaria.org\/ca\/una-camioneta-per-evangelitzar-a-lamazonia-projecte-solidari-amb-les-germanes-dominiques-a-acre-el-brasil\/","title":{"rendered":"Una camioneta per evangelitzar a l&#8217;Amaz\u00f2nia: projecte solidari amb les Germanes Dominiques a Acre, el Brasil"},"content":{"rendered":"\n<h4 class=\"wp-block-heading\"><strong>Projecte executat durant el curs 2019-2020<\/strong><\/h4>\n\n<p class=\"wp-block-paragraph\">Des de l&#8217;any 2010, les Germanes Dominiques de l&#8217;Anunciata s\u00f3n presents a la regi\u00f3 de l&#8217;Amaz\u00f2nia, amb una comunitat a Vila Verde, a 58 km de la capital Rio Branco &#8211; Acre, un estat brasiler que comparteix frontera amb el Per\u00fa i Bol\u00edvia.<\/p>\n\n<p class=\"wp-block-paragraph\">L&#8217;Amaz\u00f2nia \u00e9s una regi\u00f3 complexa que presenta moltes realitats i factors de desigualtat que conflueixen en un sol lloc: a aquest fenomen se l&#8217;ha anomenat \u00abla maledicci\u00f3 dels recursos naturals\u00bb i consisteix en el fet que, paradoxalment, les comunitats que posseeixen les riqueses i recursos, sobretot no renovables com el petroli o els minerals, tenen un menor desenvolupament econ\u00f2mic, els seus drets s\u00f3n vulnerats en favor de la ind\u00fastria extractiva, tenen poblacions empobrides i un esc\u00e0s desenvolupament social.<\/p>\n\n<p class=\"wp-block-paragraph\">Les pol\u00edtiques governamentals actuals no garanteixen els drets b\u00e0sics de conservaci\u00f3 del territori ni els drets de les persones: els habitants d&#8217;aquesta zona estan exposats a l&#8217;explotaci\u00f3 laboral, la contaminaci\u00f3 de l&#8217;aigua pels metalls pesants generats per la ind\u00fastria minera, l&#8217;expropiaci\u00f3 i les cremes il\u00b7legals de terres ind\u00edgenes i\/o protegides per a l&#8217;explotaci\u00f3 ramadera i la tala il\u00b7legal, per citar-ne alguns. Aquests factors generen un clima de viol\u00e8ncia rural i inseguretat, desigualtat social i mermen les possibilitats de desenvolupament, a m\u00e9s de dificultar l&#8217;acc\u00e9s a drets i serveis b\u00e0sics com ho s\u00f3n l&#8217;educaci\u00f3 o cobertures m\u00ednimes de salut.<br\/> <\/p>\n\n<p class=\"wp-block-paragraph\">En aquest escenari de din\u00e0miques pol\u00edtiques i socials extremadament complexes \u00e9s on les Germanes Dominiques de l&#8217;Anunciata realitzen la seva missi\u00f3 evangelitzadora. La missi\u00f3 d&#8217;acompanyament espiritual es fa cada vegada m\u00e9s necess\u00e0ria per omplir els espais que ens deixa la desesperan\u00e7a; malgrat tot, les Germanes acompanyen les comunitats que volen rebre els decrets\/sacraments, fer catequesi, trobades, cursos de formaci\u00f3 o assistir a missa cada diumenge, un acte tan senzill com aquest pot prendre fins a tres hores a peu.<br\/> <\/p>\n\n<p class=\"wp-block-paragraph\">Aquesta activitat missionera es veu afectada per les dificultats pr\u00f2pies del terreny: els despla\u00e7aments en \u00e8poques de pluges s\u00f3n pr\u00e0cticament impossibles, ja que les comunitats queden a\u00efllades i nom\u00e9s es poden traslladar durant l&#8217;\u00e8poca seca, que s\u00f3n quatre mesos a l&#8217;any. Per tenir una refer\u00e8ncia de l&#8217;estat dels camins: per rec\u00f3rrer els 58 km des de la capital Rio Branco fins a la casa de les Germanes a Vila Verde, el viatge en autob\u00fas pot durar fins a 3 hores.<br\/>  <\/p>\n\n<p class=\"wp-block-paragraph\"><strong>El projecte:<\/strong><\/p>\n\n<p class=\"wp-block-paragraph\">Una camioneta 4\u00d74 es fa indispensable per arribar a les comunitats que viuen a la selva i per a les comunitats que estan al marge de la carretera Transacreana. Possibilitar\u00e0 el transport de la gent per participar en les activitats parroquials, ja sigui a la seu o en una altra comunitat.<br\/> <\/p>\n\n<figure class=\"wp-block-image is-resized\"><img data-recalc-dims=\"1\" loading=\"lazy\" decoding=\"async\" width=\"1080\" height=\"732\" src=\"https:\/\/i0.wp.com\/anunciatasolidaria.org\/wp-content\/uploads\/2025\/08\/camioneta-evangelizacion-fasol-1.png?resize=1080%2C732&#038;ssl=1\" alt=\"\" class=\"wp-image-3706\" style=\"width:561px;height:auto\" srcset=\"https:\/\/anunciatasolidaria.org\/wp-content\/uploads\/2025\/08\/camioneta-evangelizacion-fasol-1.png 1280w, https:\/\/anunciatasolidaria.org\/wp-content\/uploads\/2025\/08\/camioneta-evangelizacion-fasol-1-980x665.png 980w, https:\/\/anunciatasolidaria.org\/wp-content\/uploads\/2025\/08\/camioneta-evangelizacion-fasol-1-480x326.png 480w\" sizes=\"(min-width: 0px) and (max-width: 480px) 480px, (min-width: 481px) and (max-width: 980px) 980px, (min-width: 981px) 1280px, 100vw\" \/><\/figure>\n\n<p class=\"wp-block-paragraph\">La camioneta estar\u00e0 al servei de l&#8217;evangelitzaci\u00f3, l&#8217;acompanyament, la formaci\u00f3 i una pres\u00e8ncia m\u00e9s freq\u00fcent de les Germanes per a aquells que volen accedir a la Paraula.<br\/><\/p>\n\n<p class=\"wp-block-paragraph\"><strong>Objectius:<\/strong><\/p>\n\n<ul class=\"wp-block-list\">\n<li>Millorar l&#8217;atenci\u00f3 i fer m\u00e9s freq\u00fcents les visites a les comunitats de la Parr\u00f2quia Nostra Senyora de F\u00e0tima (ara nom\u00e9s es pot realitzar una visita anual). <\/li>\n\n\n\n<li>Oferir formaci\u00f3 als l\u00edders de les comunitats, establint xarxes de proximitat entre comunitats.<\/li>\n\n\n\n<li>Transport de persones d&#8217;una comunitat a una altra per participar en celebracions i esdeveniments de la Parr\u00f2quia.<\/li>\n<\/ul>\n\n<div class=\"wp-block-jetpack-tiled-gallery aligncenter is-style-rectangular\"><div class=\"\"><div class=\"tiled-gallery__gallery\"><div class=\"tiled-gallery__row\"><div class=\"tiled-gallery__col\" style=\"flex-basis:54.36339%\"><figure class=\"tiled-gallery__item\"><img decoding=\"async\" role=\"button\" tabindex=\"0\" aria-label=\"Open image 1 of 5 in full-screen\" srcset=\"https:\/\/i0.wp.com\/anunciatasolidaria.org\/wp-content\/uploads\/2025\/08\/camioneta-evangelizacion-anunciata-solidaria-1-1024x566.png?strip=info&#038;w=600&#038;ssl=1 600w,https:\/\/i0.wp.com\/anunciatasolidaria.org\/wp-content\/uploads\/2025\/08\/camioneta-evangelizacion-anunciata-solidaria-1-1024x566.png?strip=info&#038;w=900&#038;ssl=1 900w,https:\/\/i0.wp.com\/anunciatasolidaria.org\/wp-content\/uploads\/2025\/08\/camioneta-evangelizacion-anunciata-solidaria-1-1024x566.png?strip=info&#038;w=1024&#038;ssl=1 1024w\" alt=\"\" data-height=\"708\" data-id=\"3707\" data-link=\"https:\/\/anunciatasolidaria.org\/adquisicion-de-camioneta-para-evangelizacion\/camioneta-evangelizacion-anunciata-solidaria-2\/\" data-url=\"https:\/\/anunciatasolidaria.org\/wp-content\/uploads\/2025\/08\/camioneta-evangelizacion-anunciata-solidaria-1-1024x566.png\" data-width=\"1280\" src=\"https:\/\/i0.wp.com\/anunciatasolidaria.org\/wp-content\/uploads\/2025\/08\/camioneta-evangelizacion-anunciata-solidaria-1-1024x566.png?ssl=1\" data-amp-layout=\"responsive\"><\/figure><\/div><div class=\"tiled-gallery__col\" style=\"flex-basis:45.63661%\"><figure class=\"tiled-gallery__item\"><img decoding=\"async\" role=\"button\" tabindex=\"0\" aria-label=\"Open image 2 of 5 in full-screen\" srcset=\"https:\/\/i0.wp.com\/anunciatasolidaria.org\/wp-content\/uploads\/2025\/08\/camioneta-evangelizacion-fasol-anunciata-solidaria-1024x675.png?strip=info&#038;w=600&#038;ssl=1 600w,https:\/\/i0.wp.com\/anunciatasolidaria.org\/wp-content\/uploads\/2025\/08\/camioneta-evangelizacion-fasol-anunciata-solidaria-1024x675.png?strip=info&#038;w=900&#038;ssl=1 900w,https:\/\/i0.wp.com\/anunciatasolidaria.org\/wp-content\/uploads\/2025\/08\/camioneta-evangelizacion-fasol-anunciata-solidaria-1024x675.png?strip=info&#038;w=1024&#038;ssl=1 1024w\" alt=\"\" data-height=\"844\" data-id=\"3709\" data-link=\"https:\/\/anunciatasolidaria.org\/adquisicion-de-camioneta-para-evangelizacion\/camioneta-evangelizacion-fasol-anunciata-solidaria\/\" data-url=\"https:\/\/anunciatasolidaria.org\/wp-content\/uploads\/2025\/08\/camioneta-evangelizacion-fasol-anunciata-solidaria-1024x675.png\" data-width=\"1280\" src=\"https:\/\/i0.wp.com\/anunciatasolidaria.org\/wp-content\/uploads\/2025\/08\/camioneta-evangelizacion-fasol-anunciata-solidaria-1024x675.png?ssl=1\" data-amp-layout=\"responsive\"><\/figure><\/div><\/div><div class=\"tiled-gallery__row\"><div class=\"tiled-gallery__col\" style=\"flex-basis:31.94148%\"><figure class=\"tiled-gallery__item\"><img decoding=\"async\" role=\"button\" tabindex=\"0\" aria-label=\"Open image 3 of 5 in full-screen\" srcset=\"https:\/\/i0.wp.com\/anunciatasolidaria.org\/wp-content\/uploads\/2025\/08\/grupo-camioneta-de-evangelizacion-1024x575.jpg?strip=info&#038;w=600&#038;ssl=1 600w,https:\/\/i0.wp.com\/anunciatasolidaria.org\/wp-content\/uploads\/2025\/08\/grupo-camioneta-de-evangelizacion-1024x575.jpg?strip=info&#038;w=900&#038;ssl=1 900w,https:\/\/i0.wp.com\/anunciatasolidaria.org\/wp-content\/uploads\/2025\/08\/grupo-camioneta-de-evangelizacion-1024x575.jpg?strip=info&#038;w=1024&#038;ssl=1 1024w\" alt=\"\" data-height=\"2336\" data-id=\"3736\" data-link=\"https:\/\/anunciatasolidaria.org\/adquisicion-de-camioneta-para-evangelizacion\/grupo-camioneta-de-evangelizacion\/\" data-url=\"https:\/\/anunciatasolidaria.org\/wp-content\/uploads\/2025\/08\/grupo-camioneta-de-evangelizacion-1024x575.jpg\" data-width=\"4160\" src=\"https:\/\/i0.wp.com\/anunciatasolidaria.org\/wp-content\/uploads\/2025\/08\/grupo-camioneta-de-evangelizacion-1024x575.jpg?ssl=1\" data-amp-layout=\"responsive\"><\/figure><\/div><div class=\"tiled-gallery__col\" style=\"flex-basis:41.11728%\"><figure class=\"tiled-gallery__item\"><img decoding=\"async\" role=\"button\" tabindex=\"0\" aria-label=\"Open image 4 of 5 in full-screen\" srcset=\"https:\/\/i0.wp.com\/anunciatasolidaria.org\/wp-content\/uploads\/2025\/08\/hermanas-camioneta-de-evangelizacion-1024x446.jpg?strip=info&#038;w=600&#038;ssl=1 600w,https:\/\/i0.wp.com\/anunciatasolidaria.org\/wp-content\/uploads\/2025\/08\/hermanas-camioneta-de-evangelizacion-1024x446.jpg?strip=info&#038;w=900&#038;ssl=1 900w,https:\/\/i0.wp.com\/anunciatasolidaria.org\/wp-content\/uploads\/2025\/08\/hermanas-camioneta-de-evangelizacion-1024x446.jpg?strip=info&#038;w=1024&#038;ssl=1 1024w\" alt=\"\" data-height=\"1273\" data-id=\"3735\" data-link=\"https:\/\/anunciatasolidaria.org\/adquisicion-de-camioneta-para-evangelizacion\/hermanas-camioneta-de-evangelizacion\/\" data-url=\"https:\/\/anunciatasolidaria.org\/wp-content\/uploads\/2025\/08\/hermanas-camioneta-de-evangelizacion-1024x446.jpg\" data-width=\"2923\" src=\"https:\/\/i0.wp.com\/anunciatasolidaria.org\/wp-content\/uploads\/2025\/08\/hermanas-camioneta-de-evangelizacion-1024x446.jpg?ssl=1\" data-amp-layout=\"responsive\"><\/figure><\/div><div class=\"tiled-gallery__col\" style=\"flex-basis:26.94124%\"><figure class=\"tiled-gallery__item\"><img decoding=\"async\" role=\"button\" tabindex=\"0\" aria-label=\"Open image 5 of 5 in full-screen\" srcset=\"https:\/\/i0.wp.com\/anunciatasolidaria.org\/wp-content\/uploads\/2025\/08\/hermanas-camioneta-evangelizacion-fasol-1024x683.jpg?strip=info&#038;w=600&#038;ssl=1 600w,https:\/\/i0.wp.com\/anunciatasolidaria.org\/wp-content\/uploads\/2025\/08\/hermanas-camioneta-evangelizacion-fasol-1024x683.jpg?strip=info&#038;w=900&#038;ssl=1 900w,https:\/\/i0.wp.com\/anunciatasolidaria.org\/wp-content\/uploads\/2025\/08\/hermanas-camioneta-evangelizacion-fasol-1024x683.jpg?strip=info&#038;w=1024&#038;ssl=1 1024w\" alt=\"\" data-height=\"3072\" data-id=\"3734\" data-link=\"https:\/\/anunciatasolidaria.org\/adquisicion-de-camioneta-para-evangelizacion\/hermanas-camioneta-evangelizacion-fasol\/\" data-url=\"https:\/\/anunciatasolidaria.org\/wp-content\/uploads\/2025\/08\/hermanas-camioneta-evangelizacion-fasol-1024x683.jpg\" data-width=\"4608\" src=\"https:\/\/i0.wp.com\/anunciatasolidaria.org\/wp-content\/uploads\/2025\/08\/hermanas-camioneta-evangelizacion-fasol-1024x683.jpg?ssl=1\" data-amp-layout=\"responsive\"><\/figure><\/div><\/div><\/div><\/div><\/div>\n\n<p class=\"wp-block-paragraph\"><\/p>\n\n<p class=\"wp-block-paragraph\"><strong>Beneficiaris:<\/strong><\/p>\n\n<p class=\"wp-block-paragraph\">28 comunitats que componen la Parr\u00f2quia Nostra Senyora de F\u00e0tima.<br\/><\/p>\n\n<p class=\"wp-block-paragraph\"><strong>Pressupost:<\/strong><\/p>\n\n<p class=\"wp-block-paragraph\">25.000,00 \u20ac<\/p>\n","protected":false},"excerpt":{"rendered":"<p>Projecte executat durant el curs 2019-2020 Des de l&#8217;any 2010, les Germanes Dominiques de l&#8217;Anunciata s\u00f3n presents a la regi\u00f3 de l&#8217;Amaz\u00f2nia, amb una comunitat a Vila Verde, a 58 km de la capital Rio Branco &#8211; Acre, un estat brasiler que comparteix frontera amb el Per\u00fa i Bol\u00edvia. L&#8217;Amaz\u00f2nia \u00e9s una regi\u00f3 complexa que [&hellip;]<\/p>\n","protected":false},"author":140901724,"featured_media":8614,"comment_status":"open","ping_status":"open","sticky":false,"template":"","format":"standard","meta":{"_et_pb_use_builder":"off","_et_pb_old_content":"","_et_gb_content_width":"","advanced_seo_description":"","jetpack_seo_html_title":"","jetpack_seo_noindex":false,"jetpack_seo_schema_type":"","_jetpack_newsletter_access":"","_jetpack_dont_email_post_to_subs":false,"_jetpack_newsletter_tier_id":0,"_jetpack_memberships_contains_paywalled_content":false,"_wpcom_ai_launchpad_first_post":false,"_jetpack_feature_clip_id":0,"_jetpack_memberships_contains_paid_content":false,"footnotes":"","jetpack_publicize_message":"{title}\n\n{excerpt}\n\n{url}","jetpack_publicize_feature_enabled":true,"jetpack_social_post_already_shared":true,"jetpack_social_options":{"image_generator_settings":{"template":"highway","default_image_id":0,"font":"","enabled":false},"version":2},"_wpas_customize_per_network":false,"jetpack_post_was_ever_published":false},"categories":[995408],"tags":[],"class_list":["post-8615","post","type-post","status-publish","format-standard","has-post-thumbnail","hentry","category-desenvolupament-comunitari"],"jetpack_publicize_connections":[],"jetpack_likes_enabled":false,"jetpack_sharing_enabled":true,"jetpack_shortlink":"https:\/\/wp.me\/pa1JU2-2eX","jetpack_featured_media_url":"https:\/\/i0.wp.com\/anunciatasolidaria.org\/wp-content\/uploads\/2025\/08\/camioneta-evangalizacion-fasol.jpg?fit=4608%2C3072&ssl=1","_links":{"self":[{"href":"https:\/\/anunciatasolidaria.org\/ca\/wp-json\/wp\/v2\/posts\/8615","targetHints":{"allow":["GET"]}}],"collection":[{"href":"https:\/\/anunciatasolidaria.org\/ca\/wp-json\/wp\/v2\/posts"}],"about":[{"href":"https:\/\/anunciatasolidaria.org\/ca\/wp-json\/wp\/v2\/types\/post"}],"author":[{"embeddable":true,"href":"https:\/\/anunciatasolidaria.org\/ca\/wp-json\/wp\/v2\/users\/140901724"}],"replies":[{"embeddable":true,"href":"https:\/\/anunciatasolidaria.org\/ca\/wp-json\/wp\/v2\/comments?post=8615"}],"version-history":[{"count":1,"href":"https:\/\/anunciatasolidaria.org\/ca\/wp-json\/wp\/v2\/posts\/8615\/revisions"}],"predecessor-version":[{"id":8623,"href":"https:\/\/anunciatasolidaria.org\/ca\/wp-json\/wp\/v2\/posts\/8615\/revisions\/8623"}],"wp:featuredmedia":[{"embeddable":true,"href":"https:\/\/anunciatasolidaria.org\/ca\/wp-json\/wp\/v2\/media\/8614"}],"wp:attachment":[{"href":"https:\/\/anunciatasolidaria.org\/ca\/wp-json\/wp\/v2\/media?parent=8615"}],"wp:term":[{"taxonomy":"category","embeddable":true,"href":"https:\/\/anunciatasolidaria.org\/ca\/wp-json\/wp\/v2\/categories?post=8615"},{"taxonomy":"post_tag","embeddable":true,"href":"https:\/\/anunciatasolidaria.org\/ca\/wp-json\/wp\/v2\/tags?post=8615"}],"curies":[{"name":"wp","href":"https:\/\/api.w.org\/{rel}","templated":true}]}}