{"id":8632,"date":"2025-08-12T16:22:11","date_gmt":"2025-08-12T16:22:11","guid":{"rendered":"https:\/\/anunciatasolidaria.org\/projecte-educatiu-a-pucallpa-sala-dinformatica-per-a-infants-i-joves-en-situacio-vulnerable\/"},"modified":"2026-08-08T00:40:45","modified_gmt":"2026-08-08T00:40:45","slug":"projecte-educatiu-a-pucallpa-sala-dinformatica-per-a-infants-i-joves-en-situacio-vulnerable","status":"publish","type":"post","link":"https:\/\/anunciatasolidaria.org\/ca\/projecte-educatiu-a-pucallpa-sala-dinformatica-per-a-infants-i-joves-en-situacio-vulnerable\/","title":{"rendered":"Projecte educatiu a Pucallpa \u2013 Sala d&#8217;inform\u00e0tica per a infants i joves en situaci\u00f3 vulnerable"},"content":{"rendered":"\n<h4 class=\"wp-block-heading\">Projectes en curs durant el per\u00edode 2025-2026<br\/><\/h4>\n\n<p class=\"wp-block-paragraph\"><\/p>\n\n<p class=\"wp-block-paragraph\"><strong>Especificacions: <\/strong><\/p>\n\n<ul class=\"wp-block-list\">\n<li>Prov\u00edncia Santa Rosa de Lima | 2025 \u2013 2026<br\/><\/li>\n\n\n\n<li>\u00c0mbit: Educaci\u00f3 <\/li>\n\n\n\n<li>Execuci\u00f3: Gmes. Dominiques de l&#8217;Anunciata <\/li>\n<\/ul>\n\n<p class=\"wp-block-paragraph\"><\/p>\n\n<p class=\"wp-block-paragraph\">Pucallpa, capital de la prov\u00edncia de Coronel Portillo a la regi\u00f3 amaz\u00f2nica d&#8217;Ucayali, representa una de les zones urbanes amb major expansi\u00f3 informal del Per\u00fa. En els darrers anys, la ciutat ha experimentat un creixement accelerat, marcat per la migraci\u00f3 interna, la precarietat laboral i la manca d&#8217;acc\u00e9s als serveis b\u00e0sics. Aquesta situaci\u00f3 \u00e9s especialment cr\u00edtica als assentaments perif\u00e8rics com Se\u00f1or de los Milagros, ubicat al districte de Yarinacocha.<br\/>   <\/p>\n\n<p class=\"wp-block-paragraph\">All\u00e0, la majoria de les fam\u00edlies viuen amb ingressos limitats, dedicades a activitats informals i sense acc\u00e9s a tecnologies digitals a la llar. Segons l&#8217;Instituto Nacional de Estad\u00edstica e Inform\u00e1tica (INEI), nom\u00e9s el 30% de les llars en zones rurals o periurbanes d&#8217;Ucayali tenen acc\u00e9s a internet, la qual cosa agavitza les escletxes educatives i limita el desenvolupament de compet\u00e8ncies digitals b\u00e0siques en nenes, nens i adolescents.<br\/> <\/p>\n\n<p class=\"wp-block-paragraph\">En aquest context, el centre educatiu pastoral gestionat per les Germanes Dominiques de l&#8217;Anunciata ofereix un espai d&#8217;acompanyament educatiu i hum\u00e0, oferint classes de refor\u00e7 escolar, tallers de vacances i formaci\u00f3 ocupacional. Aix\u00ed i tot, la manca d&#8217;infraestructura tecnol\u00f2gica limita l&#8217;abast i la qualitat d&#8217;aquestes iniciatives.<br\/> <\/p>\n\n<p class=\"wp-block-paragraph\"><\/p>\n\n<figure class=\"wp-block-gallery has-nested-images columns-default is-cropped wp-block-gallery-1 is-layout-flex wp-block-gallery-is-layout-flex\">\n<figure class=\"wp-block-image size-full\"><img data-recalc-dims=\"1\" loading=\"lazy\" decoding=\"async\" width=\"1080\" height=\"1192\" data-id=\"4277\" src=\"https:\/\/i0.wp.com\/anunciatasolidaria.org\/wp-content\/uploads\/2025\/08\/becas-escolares-pucallpa.jpg?resize=1080%2C1192&#038;ssl=1\" alt=\"\" class=\"wp-image-4277\" srcset=\"https:\/\/anunciatasolidaria.org\/wp-content\/uploads\/2025\/08\/becas-escolares-pucallpa.jpg 3560w, https:\/\/anunciatasolidaria.org\/wp-content\/uploads\/2025\/08\/becas-escolares-pucallpa-1280x1413.jpg 1280w, https:\/\/anunciatasolidaria.org\/wp-content\/uploads\/2025\/08\/becas-escolares-pucallpa-980x1082.jpg 980w, https:\/\/anunciatasolidaria.org\/wp-content\/uploads\/2025\/08\/becas-escolares-pucallpa-480x530.jpg 480w\" sizes=\"(min-width: 0px) and (max-width: 480px) 480px, (min-width: 481px) and (max-width: 980px) 980px, (min-width: 981px) and (max-width: 1280px) 1280px, (min-width: 1281px) 3560px, 100vw\" \/><\/figure>\n\n\n\n<figure class=\"wp-block-image size-large\"><img data-recalc-dims=\"1\" loading=\"lazy\" decoding=\"async\" width=\"1024\" height=\"768\" data-id=\"4720\" src=\"https:\/\/i0.wp.com\/anunciatasolidaria.org\/wp-content\/uploads\/2025\/12\/pucallpa-fasol.jpg?resize=1024%2C768&#038;ssl=1\" alt=\"\" class=\"wp-image-4720\" srcset=\"https:\/\/anunciatasolidaria.org\/wp-content\/uploads\/2025\/12\/pucallpa-fasol-980x735.jpg 980w, https:\/\/anunciatasolidaria.org\/wp-content\/uploads\/2025\/12\/pucallpa-fasol-480x360.jpg 480w\" sizes=\"(min-width: 0px) and (max-width: 480px) 480px, (min-width: 481px) and (max-width: 980px) 980px, (min-width: 981px) 1024px, 100vw\" \/><\/figure>\n\n\n\n<figure class=\"wp-block-image size-large\"><img data-recalc-dims=\"1\" loading=\"lazy\" decoding=\"async\" width=\"1024\" height=\"683\" data-id=\"4100\" src=\"https:\/\/i0.wp.com\/anunciatasolidaria.org\/wp-content\/uploads\/2025\/08\/becas-escolares-el-salvador.jpg?resize=1024%2C683&#038;ssl=1\" alt=\"\" class=\"wp-image-4100\" srcset=\"https:\/\/anunciatasolidaria.org\/wp-content\/uploads\/2025\/08\/becas-escolares-el-salvador-980x653.jpg 980w, https:\/\/anunciatasolidaria.org\/wp-content\/uploads\/2025\/08\/becas-escolares-el-salvador-480x320.jpg 480w\" sizes=\"(min-width: 0px) and (max-width: 480px) 480px, (min-width: 481px) and (max-width: 980px) 980px, (min-width: 981px) 1024px, 100vw\" \/><\/figure>\n<\/figure>\n\n<p class=\"wp-block-paragraph\"><\/p>\n\n<h5 class=\"wp-block-heading\"><strong>El projecte:<\/strong><\/h5>\n\n<p class=\"wp-block-paragraph\">Aquest projecte t\u00e9 com a objectiu enfortir l&#8217;oferta educativa no formal del centre pastoral \u00abSe\u00f1or de los Milagros\u00bb mitjan\u00e7ant la implementaci\u00f3 d&#8217;una sala d&#8217;inform\u00e0tica equipada i l&#8217;\u00fas d&#8217;eines digitals per a l&#8217;aprenentatge i la creativitat.<br\/><\/p>\n\n<p class=\"wp-block-paragraph\">La proposta contempla:<br\/><\/p>\n\n<ul class=\"wp-block-list\">\n<li>La instal\u00b7laci\u00f3 d&#8217;una sala d&#8217;inform\u00e0tica amb 20 ordinadors, projector, ordinador port\u00e0til de suport, pantalla, estabilitzador i perif\u00e8rics.<\/li>\n\n\n\n<li>L&#8217;activaci\u00f3 de llic\u00e8ncies educatives d&#8217;angl\u00e8s i aplicacions de lectoescriptura interactiva, ja donades per l&#8217;Associaci\u00f3 Civil \u00abTe invito a mi mesa\u00bb (M\u00e8xic).<\/li>\n\n\n\n<li>L&#8217;aprofitament de la infraestructura i del capital hum\u00e0 ja existent al centre (docents i voluntaris capacitats), facilitant la sostenibilitat del projecte sense necessitat d&#8217;inversions addicionals en formaci\u00f3.<\/li>\n<\/ul>\n\n<p class=\"wp-block-paragraph\">M\u00e9s enll\u00e0 de dotar el centre d&#8217;equipament, aquesta iniciativa representa un primer pas estrat\u00e8gic cap a la futura acreditaci\u00f3 estatal del centre educatiu, permetent a mig termini consolidar el seu paper com a instituci\u00f3 de refer\u00e8ncia en educaci\u00f3 no formal dins de la zona. La formalitzaci\u00f3 del centre obriria noves portes de finan\u00e7ament, validaci\u00f3 acad\u00e8mica i reconeixement per als estudiants.  <\/p>\n\n<p class=\"wp-block-paragraph\">Aix\u00ed, aquesta proposta no nom\u00e9s busca millorar les condicions actuals d&#8217;ensenyament, sin\u00f3 tamb\u00e9 avan\u00e7ar cap a un model educatiu digne, innovador i sostenible en un dels territoris m\u00e9s vulnerables de la regi\u00f3 amaz\u00f2nica.<br\/><\/p>\n\n<h5 class=\"wp-block-heading\"><strong>Objectiu:<\/strong><\/h5>\n\n<p class=\"wp-block-paragraph\"><br\/>Promoure una educaci\u00f3 inclusiva, din\u00e0mica i tecnol\u00f2gica a l&#8217;assentament Se\u00f1or de los Milagros (Pucallpa, el Per\u00fa), mitjan\u00e7ant la creaci\u00f3 d&#8217;una sala d&#8217;inform\u00e0tica i l&#8217;enfortiment d&#8217;activitats educatives no formals que desenvolupin compet\u00e8ncies digitals, art\u00edstiques i comunicatives en nens, nenes i joves en situaci\u00f3 de vulnerabilitat, com a primer pas cap a una futura acreditaci\u00f3 oficial del centre.<br\/><\/p>\n\n<p class=\"wp-block-paragraph\">Directes:<br\/>25 joves participants de tallers ocupacionals (costura i decoraci\u00f3 d&#8217;esdeveniments).<br\/><br\/><\/p>\n\n<ul class=\"wp-block-list\">\n<li>Docents i voluntaris del centre educatiu pastoral.<\/li>\n\n\n\n<li>26 nens i nenes del programa de refor\u00e7 escolar.<\/li>\n<\/ul>\n\n<p class=\"wp-block-paragraph\">Pressupost total: 11.693,48 \u20ac<br\/><\/p>\n","protected":false},"excerpt":{"rendered":"<p>Projectes en curs durant el per\u00edode 2025-2026 Especificacions: Pucallpa, capital de la prov\u00edncia de Coronel Portillo a la regi\u00f3 amaz\u00f2nica d&#8217;Ucayali, representa una de les zones urbanes amb major expansi\u00f3 informal del Per\u00fa. En els darrers anys, la ciutat ha experimentat un creixement accelerat, marcat per la migraci\u00f3 interna, la precarietat laboral i la manca [&hellip;]<\/p>\n","protected":false},"author":140901724,"featured_media":8330,"comment_status":"open","ping_status":"open","sticky":false,"template":"","format":"standard","meta":{"_et_pb_use_builder":"off","_et_pb_old_content":"","_et_gb_content_width":"","advanced_seo_description":"","jetpack_seo_html_title":"","jetpack_seo_noindex":false,"jetpack_seo_schema_type":"","_jetpack_newsletter_access":"","_jetpack_dont_email_post_to_subs":false,"_jetpack_newsletter_tier_id":0,"_jetpack_memberships_contains_paywalled_content":false,"_wpcom_ai_launchpad_first_post":false,"_jetpack_feature_clip_id":0,"_jetpack_memberships_contains_paid_content":false,"footnotes":"","jetpack_publicize_message":"{title}\n\n{excerpt}\n\n{url}","jetpack_publicize_feature_enabled":true,"jetpack_social_post_already_shared":true,"jetpack_social_options":{"image_generator_settings":{"template":"highway","default_image_id":0,"font":"","enabled":false},"version":2},"_wpas_customize_per_network":false,"jetpack_post_was_ever_published":false},"categories":[995414],"tags":[],"class_list":["post-8632","post","type-post","status-publish","format-standard","has-post-thumbnail","hentry","category-projecte-deducacio-actiu"],"jetpack_publicize_connections":[],"jetpack_likes_enabled":false,"jetpack_sharing_enabled":true,"jetpack_shortlink":"https:\/\/wp.me\/pa1JU2-2fe","jetpack_featured_media_url":"https:\/\/i0.wp.com\/anunciatasolidaria.org\/wp-content\/uploads\/2026\/02\/proyectos-sociales-fasol.jpg?fit=6000%2C4000&ssl=1","_links":{"self":[{"href":"https:\/\/anunciatasolidaria.org\/ca\/wp-json\/wp\/v2\/posts\/8632","targetHints":{"allow":["GET"]}}],"collection":[{"href":"https:\/\/anunciatasolidaria.org\/ca\/wp-json\/wp\/v2\/posts"}],"about":[{"href":"https:\/\/anunciatasolidaria.org\/ca\/wp-json\/wp\/v2\/types\/post"}],"author":[{"embeddable":true,"href":"https:\/\/anunciatasolidaria.org\/ca\/wp-json\/wp\/v2\/users\/140901724"}],"replies":[{"embeddable":true,"href":"https:\/\/anunciatasolidaria.org\/ca\/wp-json\/wp\/v2\/comments?post=8632"}],"version-history":[{"count":1,"href":"https:\/\/anunciatasolidaria.org\/ca\/wp-json\/wp\/v2\/posts\/8632\/revisions"}],"predecessor-version":[{"id":8637,"href":"https:\/\/anunciatasolidaria.org\/ca\/wp-json\/wp\/v2\/posts\/8632\/revisions\/8637"}],"wp:featuredmedia":[{"embeddable":true,"href":"https:\/\/anunciatasolidaria.org\/ca\/wp-json\/wp\/v2\/media\/8330"}],"wp:attachment":[{"href":"https:\/\/anunciatasolidaria.org\/ca\/wp-json\/wp\/v2\/media?parent=8632"}],"wp:term":[{"taxonomy":"category","embeddable":true,"href":"https:\/\/anunciatasolidaria.org\/ca\/wp-json\/wp\/v2\/categories?post=8632"},{"taxonomy":"post_tag","embeddable":true,"href":"https:\/\/anunciatasolidaria.org\/ca\/wp-json\/wp\/v2\/tags?post=8632"}],"curies":[{"name":"wp","href":"https:\/\/api.w.org\/{rel}","templated":true}]}}