{"id":8640,"date":"2025-08-12T16:13:36","date_gmt":"2025-08-12T16:13:36","guid":{"rendered":"https:\/\/anunciatasolidaria.org\/beques-escolars-a-asia-suport-educatiu-al-vietnam-i-les-filipines-per-a-infants-i-joves-vulnerables\/"},"modified":"2026-08-08T00:43:06","modified_gmt":"2026-08-08T00:43:06","slug":"beques-escolars-a-asia-suport-educatiu-al-vietnam-i-les-filipines-per-a-infants-i-joves-vulnerables","status":"publish","type":"post","link":"https:\/\/anunciatasolidaria.org\/ca\/beques-escolars-a-asia-suport-educatiu-al-vietnam-i-les-filipines-per-a-infants-i-joves-vulnerables\/","title":{"rendered":"Beques escolars a \u00c0sia \u2013 Suport educatiu al Vietnam i les Filipines per a infants i joves vulnerables"},"content":{"rendered":"\n<h4 class=\"wp-block-heading\"><strong>Projectes en curs durant el per\u00edode 2025-2026<br\/><\/strong><\/h4>\n\n<p class=\"wp-block-paragraph\"><strong>Especificacions: <\/strong><\/p>\n\n<ul class=\"wp-block-list\">\n<li>Prov\u00edncia Sant Ramon de Penyafort | 2025 \u2013 2026<br\/><\/li>\n\n\n\n<li>\u00c0mbit: Educaci\u00f3 \u00c0sia (3 comunitats)<br\/><\/li>\n\n\n\n<li>Execuci\u00f3: Gmes. Dominiques de l&#8217;Anunciata <\/li>\n<\/ul>\n\n<p class=\"wp-block-paragraph\"><\/p>\n\n<p class=\"wp-block-paragraph\">En pa\u00efsos asi\u00e0tics com el Vietnam i les Filipines, on l&#8217;acc\u00e9s a l&#8217;educaci\u00f3 ha millorat en les darreres d\u00e8cades, persisteixen fortes desigualtats entre zones urbanes, rurals i barris marginats. La pobresa estructural, l&#8217;atur informal i la pressi\u00f3 econ\u00f2mica fan que moltes fam\u00edlies, especialment migrants o amb ingressos irregulars, no puguin afrontar els costos associats a la meva escolaritzaci\u00f3, tot i que aquesta sigui oficialment gratu\u00efta.<br\/> <\/p>\n\n<ul class=\"wp-block-list\">\n<li>A les Filipines, prop del 10% dels infants i adolescents d&#8217;entre 6 i 24 anys estan fora del sistema educatiu, i els motius principals s\u00f3n econ\u00f2mics. Tot i que l&#8217;Estat ofereix educaci\u00f3 b\u00e0sica gratu\u00efta, els costos de materials, transport i alimentaci\u00f3 continuen sent una barrera (Philippine Statistics Authority, 2023).<br\/> <\/li>\n\n\n\n<li>Al Vietnam, l&#8217;ensenyament de l&#8217;angl\u00e8s s&#8217;ha convertit en una eina essencial per a la inserci\u00f3 acad\u00e8mica i laboral, per\u00f2 les acad\u00e8mies privades s\u00f3n inaccessibles per a fam\u00edlies treballadores o migrants. La bretxa educativa en habilitats d&#8217;angl\u00e8s afecta directament les oportunitats universit\u00e0ries i laborals (UNESCO Global Education Monitoring Report, 2023).<br\/> <\/li>\n<\/ul>\n\n<p class=\"wp-block-paragraph\">Malgrat els esfor\u00e7os institucionals, milions de nens, nenes i adolescents continuen quedant fora de l&#8217;acc\u00e9s real a una educaci\u00f3 inclusiva, equitativa i de qualitat. Les Germanes Dominiques de l&#8217;Anunciata, a trav\u00e9s de centres educatius i programes comunitaris a San Carlos i Calamba (Filipines) i a Ho Chi Minh (Vietnam), promouen programes de beques integrals per respondre a aquesta necessitat urgent.<br\/> <\/p>\n\n<figure class=\"wp-block-image size-large is-resized\"><img data-recalc-dims=\"1\" loading=\"lazy\" decoding=\"async\" width=\"1024\" height=\"665\" src=\"https:\/\/i0.wp.com\/anunciatasolidaria.org\/wp-content\/uploads\/2025\/08\/alumna-san-carlos-filipinas-fasol.jpg?resize=1024%2C665&#038;ssl=1\" alt=\"\" class=\"wp-image-4156\" style=\"width:662px;height:auto\" srcset=\"https:\/\/anunciatasolidaria.org\/wp-content\/uploads\/2025\/08\/alumna-san-carlos-filipinas-fasol-980x636.jpg 980w, https:\/\/anunciatasolidaria.org\/wp-content\/uploads\/2025\/08\/alumna-san-carlos-filipinas-fasol-480x312.jpg 480w\" sizes=\"(min-width: 0px) and (max-width: 480px) 480px, (min-width: 481px) and (max-width: 980px) 980px, (min-width: 981px) 1024px, 100vw\" \/><\/figure>\n\n<p class=\"wp-block-paragraph\"><\/p>\n\n<h5 class=\"wp-block-heading\"><strong>El projecte:<\/strong><\/h5>\n\n<p class=\"wp-block-paragraph\">Els projectes de beques escolars a \u00c0sia s\u00f3n un programa educatiu de la Fundaci\u00f3 Anunciata Solid\u00e0ria que busca garantir el dret a l&#8217;educaci\u00f3 de qualitat en zones urbanes empobrides o perif\u00e8riques del sud-est asi\u00e0tic.<br\/><\/p>\n\n<p class=\"wp-block-paragraph\">El projecte respon al creixent nombre d&#8217;estudiants que, malgrat la seva motivaci\u00f3, no poden continuar la seva formaci\u00f3 per limitacions econ\u00f2miques.<br\/><\/p>\n\n<p class=\"wp-block-paragraph\">Els projectes a \u00c0sia es desenvolupen en tres seus:<br\/><\/p>\n\n<ul class=\"wp-block-list\">\n<li>A San Carlos, Pangasinan (Filipines), es d\u00f3na suport a 50 estudiants de prim\u00e0ria i secund\u00e0ria del Colegio Anunciata, ubicat en una zona agr\u00edcola perif\u00e8rica, on els ingressos familiars s\u00f3n baixos i irregulars. Les beques cobreixen la matr\u00edcules, materials, i suport emocional i espiritual. <\/li>\n\n\n\n<li>A Calamba, Laguna (Filipines), s&#8217;atorguen 29 beques a infants i joves en situaci\u00f3 de vulnerabilitat extrema, residents en barris marginals a prop del riu San Juan. S&#8217;ofereix alimentaci\u00f3, materials escolars, transport i matr\u00edcula a secund\u00e0ria i a la universitat. <\/li>\n\n\n\n<li>A Ho Chi Minh (Vietnam), 11 estudiants reben suport econ\u00f2mic per accedir a classes particulars d&#8217;angl\u00e8s impartides per les germanes, amb l&#8217;objectiu d&#8217;obtenir la certificaci\u00f3 Cambridge i obrir-se pas en estudis universitaris i feines qualificades. Aquestes classes tamb\u00e9 integren formaci\u00f3 en valors i catequesi. <\/li>\n<\/ul>\n\n<p class=\"wp-block-paragraph\">En totes les seus, les Germanes acompanyen les fam\u00edlies i fan un seguiment integral del rendiment acad\u00e8mic i de la situaci\u00f3 social dels beneficiaris, fomentant el desenvolupament hum\u00e0 i espiritual de cada infant o jove.<br\/><\/p>\n\n<h5 class=\"wp-block-heading\"><strong>Objectiu:<\/strong><\/h5>\n\n<p class=\"wp-block-paragraph\">Donar suport a nenes, nens i joves en situaci\u00f3 de vulnerabilitat al Vietnam i les Filipines perqu\u00e8 puguin continuar la seva formaci\u00f3 escolar i accedir a millors oportunitats acad\u00e8miques i laborals, mitjan\u00e7ant beques escolars que cobreixen matr\u00edcula, materials, alimentaci\u00f3, transport i refor\u00e7 educatiu.<br\/><\/p>\n\n<p class=\"wp-block-paragraph\">Beneficiaris: 90 estudiants<\/p>\n\n<ul class=\"wp-block-list\">\n<li>50 a San Carlos (Filipines)<\/li>\n\n\n\n<li>29 a Calamba (Filipines)<\/li>\n\n\n\n<li>11 a Ho Chi Minh (Vietnam)<\/li>\n<\/ul>\n\n<p class=\"wp-block-paragraph\">Pressupost 2024-2026: 15.108,40 \u20ac<br\/><\/p>\n","protected":false},"excerpt":{"rendered":"<p>Projectes en curs durant el per\u00edode 2025-2026 Especificacions: En pa\u00efsos asi\u00e0tics com el Vietnam i les Filipines, on l&#8217;acc\u00e9s a l&#8217;educaci\u00f3 ha millorat en les darreres d\u00e8cades, persisteixen fortes desigualtats entre zones urbanes, rurals i barris marginats. La pobresa estructural, l&#8217;atur informal i la pressi\u00f3 econ\u00f2mica fan que moltes fam\u00edlies, especialment migrants o amb ingressos [&hellip;]<\/p>\n","protected":false},"author":140901724,"featured_media":8639,"comment_status":"open","ping_status":"open","sticky":false,"template":"","format":"standard","meta":{"_et_pb_use_builder":"off","_et_pb_old_content":"","_et_gb_content_width":"","advanced_seo_description":"","jetpack_seo_html_title":"","jetpack_seo_noindex":false,"jetpack_seo_schema_type":"","_jetpack_newsletter_access":"","_jetpack_dont_email_post_to_subs":false,"_jetpack_newsletter_tier_id":0,"_jetpack_memberships_contains_paywalled_content":false,"_wpcom_ai_launchpad_first_post":false,"_jetpack_feature_clip_id":0,"_jetpack_memberships_contains_paid_content":false,"footnotes":"","jetpack_publicize_message":"{title}\n\n{excerpt}\n\n{url}","jetpack_publicize_feature_enabled":true,"jetpack_social_post_already_shared":true,"jetpack_social_options":{"image_generator_settings":{"template":"highway","default_image_id":0,"font":"","enabled":false},"version":2},"_wpas_customize_per_network":false,"jetpack_post_was_ever_published":false},"categories":[995414],"tags":[],"class_list":["post-8640","post","type-post","status-publish","format-standard","has-post-thumbnail","hentry","category-projecte-deducacio-actiu"],"jetpack_publicize_connections":[],"jetpack_likes_enabled":false,"jetpack_sharing_enabled":true,"jetpack_shortlink":"https:\/\/wp.me\/pa1JU2-2fm","jetpack_featured_media_url":"https:\/\/i0.wp.com\/anunciatasolidaria.org\/wp-content\/uploads\/2025\/08\/alumnos-san-carlos-filipinas.jpg?fit=960%2C720&ssl=1","_links":{"self":[{"href":"https:\/\/anunciatasolidaria.org\/ca\/wp-json\/wp\/v2\/posts\/8640","targetHints":{"allow":["GET"]}}],"collection":[{"href":"https:\/\/anunciatasolidaria.org\/ca\/wp-json\/wp\/v2\/posts"}],"about":[{"href":"https:\/\/anunciatasolidaria.org\/ca\/wp-json\/wp\/v2\/types\/post"}],"author":[{"embeddable":true,"href":"https:\/\/anunciatasolidaria.org\/ca\/wp-json\/wp\/v2\/users\/140901724"}],"replies":[{"embeddable":true,"href":"https:\/\/anunciatasolidaria.org\/ca\/wp-json\/wp\/v2\/comments?post=8640"}],"version-history":[{"count":1,"href":"https:\/\/anunciatasolidaria.org\/ca\/wp-json\/wp\/v2\/posts\/8640\/revisions"}],"predecessor-version":[{"id":8641,"href":"https:\/\/anunciatasolidaria.org\/ca\/wp-json\/wp\/v2\/posts\/8640\/revisions\/8641"}],"wp:featuredmedia":[{"embeddable":true,"href":"https:\/\/anunciatasolidaria.org\/ca\/wp-json\/wp\/v2\/media\/8639"}],"wp:attachment":[{"href":"https:\/\/anunciatasolidaria.org\/ca\/wp-json\/wp\/v2\/media?parent=8640"}],"wp:term":[{"taxonomy":"category","embeddable":true,"href":"https:\/\/anunciatasolidaria.org\/ca\/wp-json\/wp\/v2\/categories?post=8640"},{"taxonomy":"post_tag","embeddable":true,"href":"https:\/\/anunciatasolidaria.org\/ca\/wp-json\/wp\/v2\/tags?post=8640"}],"curies":[{"name":"wp","href":"https:\/\/api.w.org\/{rel}","templated":true}]}}