{"id":8663,"date":"2025-08-12T15:34:17","date_gmt":"2025-08-12T15:34:17","guid":{"rendered":"https:\/\/anunciatasolidaria.org\/installacio-de-plaques-solars-al-foyer-anunciata-de-sinende-benin\/"},"modified":"2026-08-08T00:53:06","modified_gmt":"2026-08-08T00:53:06","slug":"installacio-de-plaques-solars-al-foyer-anunciata-de-sinende-benin","status":"publish","type":"post","link":"https:\/\/anunciatasolidaria.org\/ca\/installacio-de-plaques-solars-al-foyer-anunciata-de-sinende-benin\/","title":{"rendered":"Instal\u00b7laci\u00f3 de plaques solars al Foyer Anunciata de Sinend\u00e9, Ben\u00edn"},"content":{"rendered":"\n<h4 class=\"wp-block-heading\">Projecte executat durant el curs 2024-2025<\/h4>\n\n<p class=\"wp-block-paragraph\">Sinend\u00e9 \u00e9s una comuna rural ubicada al departament de Borgou, al nord de Ben\u00edn, un pa\u00eds situat a l&#8217;\u00c0frica Occidental i amb una poblaci\u00f3 estimada de m\u00e9s de 13 milions d&#8217;habitants. Ben\u00edn \u00e9s un pa\u00eds oficialment laic i democr\u00e0tic, l&#8217;economia del qual dep\u00e8n en gran manera de l&#8217;agricultura de subsist\u00e8ncia. Tot i que en les darreres d\u00e8cades hi ha hagut aven\u00e7os en desenvolupament hum\u00e0, les desigualtats entre el sud urb\u00e0 i el nord rural continuen sent molt marcades, afectant especialment l&#8217;acc\u00e9s a l&#8217;educaci\u00f3, la salut i les infraestructures b\u00e0siques.<br\/>  <\/p>\n\n<p class=\"wp-block-paragraph\">La regi\u00f3 nord, on es troba Sinend\u00e9, es caracteritza per un <strong>context socioecon\u00f2mic desfavorable.<\/strong> Les comunitats s\u00f3n majorit\u00e0riament musulmanes, amb estructures familiars polig\u00e0miques i un teixit social basat en el treball agr\u00edcola. <\/p>\n\n<p class=\"wp-block-paragraph\">Des de 2007, les Germanes Dominiques de l&#8217;Anunciata gestionen a Sinend\u00e9 el Foyer Anunciata, un internat que ofereix allotjament, acompanyament i formaci\u00f3 integral a joves \u2014en la seva majoria nenes\u2014 procedents de llogarets rurals, en risc d&#8217;abandonament escolar, matrimoni preco\u00e7 o treball infantil. A partir de 2021, el centre tamb\u00e9 acull nens, responent a les sol\u00b7licituds de les fam\u00edlies.<br\/> <\/p>\n\n<p class=\"wp-block-paragraph\">La comunitat viu principalment de l&#8217;agricultura i l&#8217;exportaci\u00f3 de productes, per\u00f2 la inestabilitat econ\u00f2mica derivada de les crisis regionals i del Sahel ha redu\u00eft dr\u00e0sticament la seva capacitat econ\u00f2mica. Moltes fam\u00edlies amb prou feines aconsegueixen cobrir les necessitats b\u00e0siques, per la qual cosa l&#8217;educaci\u00f3 formal queda relegada.<br\/> <\/p>\n\n<p class=\"wp-block-paragraph\">Un dels reptes m\u00e9s grans del centre ha estat la manca d&#8217;una font d&#8217;energia estable i segura. Les fallades constants d&#8217;electricitat impedeixen l&#8217;estudi nocturn, comprometen la seguretat i obliguen a rec\u00f3rrer a espelmes, exposant els joves a accidents, problemes visuals i situacions de vulnerabilitat.<br\/> <\/p>\n\n<figure class=\"wp-block-gallery has-nested-images columns-default is-cropped wp-block-gallery-1 is-layout-flex wp-block-gallery-is-layout-flex\">\n<figure class=\"wp-block-image size-large\"><img data-recalc-dims=\"1\" loading=\"lazy\" decoding=\"async\" width=\"1024\" height=\"683\" data-id=\"4120\" src=\"https:\/\/i0.wp.com\/anunciatasolidaria.org\/wp-content\/uploads\/2025\/08\/ninos-foyer-anunciata.jpg?resize=1024%2C683&#038;ssl=1\" alt=\"\" class=\"wp-image-4120\" srcset=\"https:\/\/anunciatasolidaria.org\/wp-content\/uploads\/2025\/08\/ninos-foyer-anunciata-980x653.jpg 980w, https:\/\/anunciatasolidaria.org\/wp-content\/uploads\/2025\/08\/ninos-foyer-anunciata-480x320.jpg 480w\" sizes=\"(min-width: 0px) and (max-width: 480px) 480px, (min-width: 481px) and (max-width: 980px) 980px, (min-width: 981px) 1024px, 100vw\" \/><\/figure>\n\n\n\n<figure class=\"wp-block-image size-large\"><img data-recalc-dims=\"1\" loading=\"lazy\" decoding=\"async\" width=\"1024\" height=\"683\" data-id=\"4121\" src=\"https:\/\/i0.wp.com\/anunciatasolidaria.org\/wp-content\/uploads\/2025\/08\/alumno-foyer-anunciata.jpg?resize=1024%2C683&#038;ssl=1\" alt=\"\" class=\"wp-image-4121\" srcset=\"https:\/\/anunciatasolidaria.org\/wp-content\/uploads\/2025\/08\/alumno-foyer-anunciata-980x653.jpg 980w, https:\/\/anunciatasolidaria.org\/wp-content\/uploads\/2025\/08\/alumno-foyer-anunciata-480x320.jpg 480w\" sizes=\"(min-width: 0px) and (max-width: 480px) 480px, (min-width: 481px) and (max-width: 980px) 980px, (min-width: 981px) 1024px, 100vw\" \/><\/figure>\n<\/figure>\n\n<p class=\"wp-block-paragraph\"><\/p>\n\n<h5 class=\"wp-block-heading\"><strong>El projecte:<\/strong><\/h5>\n\n<p class=\"wp-block-paragraph\">Aquest projecte busca instal\u00b7lar un sistema d&#8217;energia solar aut\u00f2nom al Foyer Anunciata de Sinend\u00e9, amb bateries, panells i un sistema d&#8217;il\u00b7luminaci\u00f3 complet que permeti assegurar el subministrament el\u00e8ctric del centre.<br\/><\/p>\n\n<p class=\"wp-block-paragraph\">La intervenci\u00f3 respon directament a una necessitat estructural: garantir el dret a l&#8217;educaci\u00f3 en condicions dignes i segures. Un entorn amb energia estable permetr\u00e0:<br\/> <\/p>\n\n<ul class=\"wp-block-list\">\n<li>Estudiar en horaris estesos.<\/li>\n\n\n\n<li>Millorar el rendiment acad\u00e8mic.<\/li>\n\n\n\n<li>Reduir riscos associats a la foscor (r\u00e8ptils, incendis per espelmes).<\/li>\n\n\n\n<li>Prevenir afeccions oculars per esfor\u00e7 visual amb poca llum.<br\/>En un entorn rural desfavorit, l&#8217;energia solar no \u00e9s nom\u00e9s una soluci\u00f3 t\u00e8cnica: \u00e9s una eina de just\u00edcia educativa, alineada amb la missi\u00f3 evangelitzadora i formativa de les Germanes. <\/li>\n<\/ul>\n\n<h5 class=\"wp-block-heading\"><strong>Objectius:<\/strong><\/h5>\n\n<p class=\"wp-block-paragraph\"><strong>Objectiu general:<br\/><\/strong><\/p>\n\n<p class=\"wp-block-paragraph\">Millorar la qualitat de vida i les condicions d&#8217;estudi dels joves acollits al Foyer Anunciata. <\/p>\n\n<p class=\"wp-block-paragraph\"><strong>Objectius espec\u00edfics:<br\/><\/strong><\/p>\n\n<ul class=\"wp-block-list\">\n<li>Proveir una font estable i segura d&#8217;energia.<\/li>\n\n\n\n<li>Millorar el rendiment escolar dels interns.<\/li>\n\n\n\n<li>Augmentar la seguretat nocturna a l&#8217;internat.<\/li>\n\n\n\n<li>Prevenir riscos visuals i accidents derivats de la manca de llum.<\/li>\n<\/ul>\n\n<p class=\"wp-block-paragraph\"><strong>Beneficiaris:<\/strong><\/p>\n\n<ul class=\"wp-block-list\">\n<li>128 estudiants interns (80 nenes i 48 nens).<\/li>\n\n\n\n<li>Comunitat educativa del Foyer Anunciata.<\/li>\n\n\n\n<li>Fam\u00edlies dels estudiants, que confien en la missi\u00f3 del centre com una alternativa a la deserci\u00f3 i al matrimoni preco\u00e7.<\/li>\n<\/ul>\n\n<p class=\"wp-block-paragraph\">Pressupost total del projecte: 13.073,91 \u20ac<br\/> <\/p>\n\n<p class=\"wp-block-paragraph\">(Inclou l&#8217;adquisici\u00f3 de plaques solars, bateries, reguladors, cablejat, l\u00e0mpades, convertidors, materials d&#8217;instal\u00b7laci\u00f3 i m\u00e0 d&#8217;obra especialitzada).<br\/><\/p>\n","protected":false},"excerpt":{"rendered":"<p>Projecte executat durant el curs 2024-2025 Sinend\u00e9 \u00e9s una comuna rural ubicada al departament de Borgou, al nord de Ben\u00edn, un pa\u00eds situat a l&#8217;\u00c0frica Occidental i amb una poblaci\u00f3 estimada de m\u00e9s de 13 milions d&#8217;habitants. Ben\u00edn \u00e9s un pa\u00eds oficialment laic i democr\u00e0tic, l&#8217;economia del qual dep\u00e8n en gran manera de l&#8217;agricultura de [&hellip;]<\/p>\n","protected":false},"author":140901724,"featured_media":8662,"comment_status":"open","ping_status":"open","sticky":false,"template":"","format":"standard","meta":{"_et_pb_use_builder":"off","_et_pb_old_content":"","_et_gb_content_width":"","advanced_seo_description":"","jetpack_seo_html_title":"","jetpack_seo_noindex":false,"jetpack_seo_schema_type":"","_jetpack_newsletter_access":"","_jetpack_dont_email_post_to_subs":false,"_jetpack_newsletter_tier_id":0,"_jetpack_memberships_contains_paywalled_content":false,"_wpcom_ai_launchpad_first_post":false,"_jetpack_feature_clip_id":0,"_jetpack_memberships_contains_paid_content":false,"footnotes":"","jetpack_publicize_message":"{title}\n\n{excerpt}\n\n{url}","jetpack_publicize_feature_enabled":true,"jetpack_social_post_already_shared":true,"jetpack_social_options":{"image_generator_settings":{"template":"highway","default_image_id":0,"font":"","enabled":false},"version":2},"_wpas_customize_per_network":false,"jetpack_post_was_ever_published":false},"categories":[995418],"tags":[],"class_list":["post-8663","post","type-post","status-publish","format-standard","has-post-thumbnail","hentry","category-projecte-educatiu"],"jetpack_publicize_connections":[],"jetpack_likes_enabled":false,"jetpack_sharing_enabled":true,"jetpack_shortlink":"https:\/\/wp.me\/pa1JU2-2fJ","jetpack_featured_media_url":"https:\/\/i0.wp.com\/anunciatasolidaria.org\/wp-content\/uploads\/2025\/08\/alumnos-foyer-anunciata.jpg?fit=2048%2C1152&ssl=1","_links":{"self":[{"href":"https:\/\/anunciatasolidaria.org\/ca\/wp-json\/wp\/v2\/posts\/8663","targetHints":{"allow":["GET"]}}],"collection":[{"href":"https:\/\/anunciatasolidaria.org\/ca\/wp-json\/wp\/v2\/posts"}],"about":[{"href":"https:\/\/anunciatasolidaria.org\/ca\/wp-json\/wp\/v2\/types\/post"}],"author":[{"embeddable":true,"href":"https:\/\/anunciatasolidaria.org\/ca\/wp-json\/wp\/v2\/users\/140901724"}],"replies":[{"embeddable":true,"href":"https:\/\/anunciatasolidaria.org\/ca\/wp-json\/wp\/v2\/comments?post=8663"}],"version-history":[{"count":1,"href":"https:\/\/anunciatasolidaria.org\/ca\/wp-json\/wp\/v2\/posts\/8663\/revisions"}],"predecessor-version":[{"id":8664,"href":"https:\/\/anunciatasolidaria.org\/ca\/wp-json\/wp\/v2\/posts\/8663\/revisions\/8664"}],"wp:featuredmedia":[{"embeddable":true,"href":"https:\/\/anunciatasolidaria.org\/ca\/wp-json\/wp\/v2\/media\/8662"}],"wp:attachment":[{"href":"https:\/\/anunciatasolidaria.org\/ca\/wp-json\/wp\/v2\/media?parent=8663"}],"wp:term":[{"taxonomy":"category","embeddable":true,"href":"https:\/\/anunciatasolidaria.org\/ca\/wp-json\/wp\/v2\/categories?post=8663"},{"taxonomy":"post_tag","embeddable":true,"href":"https:\/\/anunciatasolidaria.org\/ca\/wp-json\/wp\/v2\/tags?post=8663"}],"curies":[{"name":"wp","href":"https:\/\/api.w.org\/{rel}","templated":true}]}}