{"id":8669,"date":"2025-08-12T14:51:48","date_gmt":"2025-08-12T14:51:48","guid":{"rendered":"https:\/\/anunciatasolidaria.org\/tanca-de-seguretat-per-protegir-mes-de-500-infants-a-lescola-saint-francois-coll-de-ruli-ruanda\/"},"modified":"2026-08-08T00:55:16","modified_gmt":"2026-08-08T00:55:16","slug":"tanca-de-seguretat-per-protegir-mes-de-500-infants-a-lescola-saint-francois-coll-de-ruli-ruanda","status":"publish","type":"post","link":"https:\/\/anunciatasolidaria.org\/ca\/tanca-de-seguretat-per-protegir-mes-de-500-infants-a-lescola-saint-francois-coll-de-ruli-ruanda\/","title":{"rendered":"Tanca de seguretat per protegir m\u00e9s de 500 infants a l&#8217;Escola Saint Fran\u00e7ois Coll de Ruli, Ruanda"},"content":{"rendered":"\n<h4 class=\"wp-block-heading\">Projecte executat durant el curs 2024-2025<\/h4>\n\n<p class=\"wp-block-paragraph\">L&#8217;Escola Prim\u00e0ria Saint Fran\u00e7ois Coll es troba a Ruli, al districte de Gakenke, al nord de Ruanda, un pa\u00eds muntany\u00f3s, densament poblat i majorit\u00e0riament agr\u00edcola. Ruanda ha estat escenari de profunds desafiaments hist\u00f2rics i socials, incloent-hi el genocidi de 1994, i tot i que ha aconseguit aven\u00e7os significatius en educaci\u00f3, salut i desenvolupament hum\u00e0, la pobresa continua afectant m\u00e9s del 55% de la poblaci\u00f3.<br\/> <\/p>\n\n<p class=\"wp-block-paragraph\">En l&#8217;entorn de Ruli, la majoria de les fam\u00edlies viu en zones rurals amb acc\u00e9s limitat als serveis b\u00e0sics. Molts infants provenen de llars en situaci\u00f3 de vulnerabilitat econ\u00f2mica, on amb prou feines poden cobrir les despeses m\u00ednimes d&#8217;escolaritzaci\u00f3. L&#8217;escola Saint Fran\u00e7ois Coll, fundada per les Germanes Dominiques de l&#8217;Anunciata el 2015, ofereix una educaci\u00f3 cristiana i integral a m\u00e9s de 500 nens i nenes, molts dels quals no havien tingut acc\u00e9s pr\u00e8viament al sistema escolar.<br\/>  <\/p>\n\n<p class=\"wp-block-paragraph\">La manca d&#8217;una infraestructura adequada de protecci\u00f3 \u2014com un tancament perimetral segur\u2014 exposa l&#8217;alumnat i el personal educatiu a riscos diaris. Aquesta car\u00e8ncia posa en perill no nom\u00e9s la integritat f\u00edsica de l&#8217;alumnat, sin\u00f3 tamb\u00e9 els materials, les instal\u00b7lacions i el clima de tranquil\u00b7litat necessaris per a l&#8217;aprenentatge.<br\/> <\/p>\n\n<figure class=\"wp-block-gallery has-nested-images columns-default is-cropped wp-block-gallery-1 is-layout-flex wp-block-gallery-is-layout-flex\">\n<figure class=\"wp-block-image size-large\"><img data-recalc-dims=\"1\" loading=\"lazy\" decoding=\"async\" width=\"1024\" height=\"681\" data-id=\"4082\" src=\"https:\/\/i0.wp.com\/anunciatasolidaria.org\/wp-content\/uploads\/2025\/08\/valla-de-seguridad-ruli.jpg?resize=1024%2C681&#038;ssl=1\" alt=\"\" class=\"wp-image-4082\" srcset=\"https:\/\/anunciatasolidaria.org\/wp-content\/uploads\/2025\/08\/valla-de-seguridad-ruli-980x652.jpg 980w, https:\/\/anunciatasolidaria.org\/wp-content\/uploads\/2025\/08\/valla-de-seguridad-ruli-480x319.jpg 480w\" sizes=\"(min-width: 0px) and (max-width: 480px) 480px, (min-width: 481px) and (max-width: 980px) 980px, (min-width: 981px) 1024px, 100vw\" \/><\/figure>\n\n\n\n<figure class=\"wp-block-image size-large\"><img data-recalc-dims=\"1\" loading=\"lazy\" decoding=\"async\" width=\"1024\" height=\"768\" data-id=\"4083\" src=\"https:\/\/i0.wp.com\/anunciatasolidaria.org\/wp-content\/uploads\/2025\/08\/valla-de-seguridad-colegio.jpg?resize=1024%2C768&#038;ssl=1\" alt=\"\" class=\"wp-image-4083\" srcset=\"https:\/\/anunciatasolidaria.org\/wp-content\/uploads\/2025\/08\/valla-de-seguridad-colegio-980x735.jpg 980w, https:\/\/anunciatasolidaria.org\/wp-content\/uploads\/2025\/08\/valla-de-seguridad-colegio-480x360.jpg 480w\" sizes=\"(min-width: 0px) and (max-width: 480px) 480px, (min-width: 481px) and (max-width: 980px) 980px, (min-width: 981px) 1024px, 100vw\" \/><\/figure>\n\n\n\n<figure class=\"wp-block-image size-large\"><img data-recalc-dims=\"1\" loading=\"lazy\" decoding=\"async\" width=\"1024\" height=\"683\" data-id=\"4081\" src=\"https:\/\/i0.wp.com\/anunciatasolidaria.org\/wp-content\/uploads\/2025\/08\/graduacion-ninos-ruli-ruanda.jpg?resize=1024%2C683&#038;ssl=1\" alt=\"\" class=\"wp-image-4081\" srcset=\"https:\/\/anunciatasolidaria.org\/wp-content\/uploads\/2025\/08\/graduacion-ninos-ruli-ruanda-980x653.jpg 980w, https:\/\/anunciatasolidaria.org\/wp-content\/uploads\/2025\/08\/graduacion-ninos-ruli-ruanda-480x320.jpg 480w\" sizes=\"(min-width: 0px) and (max-width: 480px) 480px, (min-width: 481px) and (max-width: 980px) 980px, (min-width: 981px) 1024px, 100vw\" \/><\/figure>\n<\/figure>\n\n<p class=\"wp-block-paragraph\"><\/p>\n\n<h5 class=\"wp-block-heading\"><strong>El projecte:<\/strong><\/h5>\n\n<p class=\"wp-block-paragraph\">Aquest projecte busca construir un tancament perimetral que garanteixi la seguretat dels estudiants i de l&#8217;entorn escolar. En tancar l&#8217;espai f\u00edsic de l&#8217;escola, no nom\u00e9s es protegeixen els infants de riscos externs, sin\u00f3 que tamb\u00e9 s&#8217;ofereix un entorn digne que afavoreix la concentraci\u00f3, el sentiment de pertinen\u00e7a i el respecte. <\/p>\n\n<p class=\"wp-block-paragraph\">La intervenci\u00f3 reflecteix la missi\u00f3 de les Germanes Dominiques de l&#8217;Anunciata: educar en la pau, la dignitat i l&#8217;esperan\u00e7a, especialment en contextos de pobresa estructural. Aquest mur no \u00e9s nom\u00e9s un l\u00edmit f\u00edsic; \u00e9s una afirmaci\u00f3 que l&#8217;escola \u00e9s un espai segur on cada infant pot aprendre, cr\u00e9ixer i somiar amb un futur millor.<br\/> <\/p>\n\n<h5 class=\"wp-block-heading\"><strong>Objectius:<\/strong><\/h5>\n\n<p class=\"wp-block-paragraph\">Protegir integralment els infants, el personal i la infraestructura escolar.<\/p>\n\n<p class=\"wp-block-paragraph\"><strong>Objectius espec\u00edfics:<br\/><\/strong><\/p>\n\n<ul class=\"wp-block-list\">\n<li>Facilitar el control de l&#8217;acc\u00e9s i la vigil\u00e0ncia de l&#8217;espai escolar.<\/li>\n\n\n\n<li>Contribuir a l&#8217;est\u00e8tica i a la valoritzaci\u00f3 de l&#8217;espai educatiu.<\/li>\n\n\n\n<li>Prevenir situacions de risc com ara intrusions, robatoris o actes de viol\u00e8ncia.<\/li>\n<\/ul>\n\n<p class=\"wp-block-paragraph\"><strong>Beneficiaris:<\/strong><\/p>\n\n<ul class=\"wp-block-list\">\n<li>523 estudiants d&#8217;educaci\u00f3 prim\u00e0ria.<\/li>\n\n\n\n<li>Docents i personal administratiu de l&#8217;escola.<\/li>\n\n\n\n<li>Fam\u00edlies i comunitat local, en garantir una millor educaci\u00f3 per als seus fills.<\/li>\n\n\n\n<li>Institucions locals i autoritats educatives vinculades a l&#8217;escola.<\/li>\n<\/ul>\n\n<p class=\"wp-block-paragraph\">Pressupost total del projecte: 10.000 \u20ac<br\/><\/p>\n\n<p class=\"wp-block-paragraph\">(Inclou la neteja del terreny, fonamentaci\u00f3, adquisici\u00f3 i transport de materials, construcci\u00f3 del mur i sensibilitzaci\u00f3 per a la seva cura i manteniment).<\/p>\n","protected":false},"excerpt":{"rendered":"<p>Projecte executat durant el curs 2024-2025 L&#8217;Escola Prim\u00e0ria Saint Fran\u00e7ois Coll es troba a Ruli, al districte de Gakenke, al nord de Ruanda, un pa\u00eds muntany\u00f3s, densament poblat i majorit\u00e0riament agr\u00edcola. Ruanda ha estat escenari de profunds desafiaments hist\u00f2rics i socials, incloent-hi el genocidi de 1994, i tot i que ha aconseguit aven\u00e7os significatius en [&hellip;]<\/p>\n","protected":false},"author":140901724,"featured_media":8668,"comment_status":"open","ping_status":"open","sticky":false,"template":"","format":"standard","meta":{"_et_pb_use_builder":"off","_et_pb_old_content":"","_et_gb_content_width":"","advanced_seo_description":"","jetpack_seo_html_title":"","jetpack_seo_noindex":false,"jetpack_seo_schema_type":"","_jetpack_newsletter_access":"","_jetpack_dont_email_post_to_subs":false,"_jetpack_newsletter_tier_id":0,"_jetpack_memberships_contains_paywalled_content":false,"_wpcom_ai_launchpad_first_post":false,"_jetpack_feature_clip_id":0,"_jetpack_memberships_contains_paid_content":false,"footnotes":"","jetpack_publicize_message":"{title}\n\n{excerpt}\n\n{url}","jetpack_publicize_feature_enabled":true,"jetpack_social_post_already_shared":true,"jetpack_social_options":{"image_generator_settings":{"template":"highway","default_image_id":0,"font":"","enabled":false},"version":2},"_wpas_customize_per_network":false,"jetpack_post_was_ever_published":false},"categories":[995418],"tags":[],"class_list":["post-8669","post","type-post","status-publish","format-standard","has-post-thumbnail","hentry","category-projecte-educatiu"],"jetpack_publicize_connections":[],"jetpack_likes_enabled":false,"jetpack_sharing_enabled":true,"jetpack_shortlink":"https:\/\/wp.me\/pa1JU2-2fP","jetpack_featured_media_url":"https:\/\/i0.wp.com\/anunciatasolidaria.org\/wp-content\/uploads\/2025\/08\/alumnos-ruli-ruanda.jpg?fit=3008%2C2000&ssl=1","_links":{"self":[{"href":"https:\/\/anunciatasolidaria.org\/ca\/wp-json\/wp\/v2\/posts\/8669","targetHints":{"allow":["GET"]}}],"collection":[{"href":"https:\/\/anunciatasolidaria.org\/ca\/wp-json\/wp\/v2\/posts"}],"about":[{"href":"https:\/\/anunciatasolidaria.org\/ca\/wp-json\/wp\/v2\/types\/post"}],"author":[{"embeddable":true,"href":"https:\/\/anunciatasolidaria.org\/ca\/wp-json\/wp\/v2\/users\/140901724"}],"replies":[{"embeddable":true,"href":"https:\/\/anunciatasolidaria.org\/ca\/wp-json\/wp\/v2\/comments?post=8669"}],"version-history":[{"count":1,"href":"https:\/\/anunciatasolidaria.org\/ca\/wp-json\/wp\/v2\/posts\/8669\/revisions"}],"predecessor-version":[{"id":8670,"href":"https:\/\/anunciatasolidaria.org\/ca\/wp-json\/wp\/v2\/posts\/8669\/revisions\/8670"}],"wp:featuredmedia":[{"embeddable":true,"href":"https:\/\/anunciatasolidaria.org\/ca\/wp-json\/wp\/v2\/media\/8668"}],"wp:attachment":[{"href":"https:\/\/anunciatasolidaria.org\/ca\/wp-json\/wp\/v2\/media?parent=8669"}],"wp:term":[{"taxonomy":"category","embeddable":true,"href":"https:\/\/anunciatasolidaria.org\/ca\/wp-json\/wp\/v2\/categories?post=8669"},{"taxonomy":"post_tag","embeddable":true,"href":"https:\/\/anunciatasolidaria.org\/ca\/wp-json\/wp\/v2\/tags?post=8669"}],"curies":[{"name":"wp","href":"https:\/\/api.w.org\/{rel}","templated":true}]}}