{"id":8681,"date":"2025-08-12T13:42:37","date_gmt":"2025-08-12T13:42:37","guid":{"rendered":"https:\/\/anunciatasolidaria.org\/beques-escolars-a-les-filipines-suport-educatiu-per-a-infants-i-joves-a-calamba-i-san-carlos\/"},"modified":"2026-08-08T00:59:34","modified_gmt":"2026-08-08T00:59:34","slug":"beques-escolars-a-les-filipines-suport-educatiu-per-a-infants-i-joves-a-calamba-i-san-carlos","status":"publish","type":"post","link":"https:\/\/anunciatasolidaria.org\/ca\/beques-escolars-a-les-filipines-suport-educatiu-per-a-infants-i-joves-a-calamba-i-san-carlos\/","title":{"rendered":"Beques escolars a les Filipines: suport educatiu per a infants i joves a Calamba i San Carlos"},"content":{"rendered":"\n<h4 class=\"wp-block-heading\">Projectes executats durant el curs 2024-2025<br\/><\/h4>\n\n<p class=\"wp-block-paragraph\">Les comunitats de Calamba City (Laguna) i San Carlos, Pangasinan, a les Filipines, reflecteixen la realitat de moltes fam\u00edlies que viuen en condicions de pobresa multidimensional.<\/p>\n\n<ul class=\"wp-block-list\">\n<li>A Calamba, nombroses fam\u00edlies habiten en habitatges precaris a la vora del riu San Juan, on l&#8217;acc\u00e9s a l&#8217;educaci\u00f3, l&#8217;alimentaci\u00f3 i els recursos b\u00e0sics \u00e9s limitat.<br\/><\/li>\n\n\n\n<li>A San Carlos, la meva crisi econ\u00f2mica derivada de la pand\u00e8mia de COVID-19 i l&#8217;augment sostingut de la inflaci\u00f3 han afectat greument les llars d&#8217;ingressos baixos, principalment conformades per agricultors, venedors locals i treballadors despla\u00e7ats. <\/li>\n<\/ul>\n\n<p class=\"wp-block-paragraph\">En tots dos contextos, els infants i joves s&#8217;enfronten a barreres per continuar els seus estudis: manca de recursos per al transport, l&#8217;alimentaci\u00f3, els materials escolars i els uniformes, la qual cosa posa en risc el seu dret a una educaci\u00f3 integral i de qualitat.<\/p>\n\n<figure class=\"wp-block-image size-large\"><img data-recalc-dims=\"1\" loading=\"lazy\" decoding=\"async\" width=\"1024\" height=\"768\" src=\"https:\/\/i0.wp.com\/anunciatasolidaria.org\/wp-content\/uploads\/2025\/08\/becas-escolares-filipinas.jpg?resize=1024%2C768&#038;ssl=1\" alt=\"\" class=\"wp-image-4034\" srcset=\"https:\/\/anunciatasolidaria.org\/wp-content\/uploads\/2025\/08\/becas-escolares-filipinas-980x735.jpg 980w, https:\/\/anunciatasolidaria.org\/wp-content\/uploads\/2025\/08\/becas-escolares-filipinas-480x360.jpg 480w\" sizes=\"(min-width: 0px) and (max-width: 480px) 480px, (min-width: 481px) and (max-width: 980px) 980px, (min-width: 981px) 1024px, 100vw\" \/><\/figure>\n\n<p class=\"wp-block-paragraph\"><\/p>\n\n<p class=\"wp-block-paragraph\"><\/p>\n\n<h5 class=\"wp-block-heading\">El projecte:<\/h5>\n\n<p class=\"wp-block-paragraph\">El programa Beques \u00c0sia busca garantir la continu\u00eftat escolar d&#8217;infants, nenes i joves en situaci\u00f3 de vulnerabilitat en aquestes comunitats, mitjan\u00e7ant:<br\/><\/p>\n\n<ul class=\"wp-block-list\">\n<li>Subsidis de transport i alimentaci\u00f3 per a estudiants de prim\u00e0ria, secund\u00e0ria i batxillerat.<\/li>\n\n\n\n<li>Suport per a la compra de materials escolars.<\/li>\n\n\n\n<li>Acompanyament i formaci\u00f3 integral, que inclou trobades de catequesi, activitats de servei comunitari i seguiment acad\u00e8mic i personal.<\/li>\n\n\n\n<li>Suport alimentari ocasional a les fam\u00edlies m\u00e9s afectades per enfortir la seva seguretat aliment\u00e0ria. <br\/>Aquest projecte permet que els beneficiaris desenvolupin les seves capacitats humanes, acad\u00e8miques i cristianes, amb la visi\u00f3 que puguin integrar-se al m\u00f3n laboral, sostenir les seves fam\u00edlies i contribuir positivament a la societat.<br\/> <\/li>\n<\/ul>\n\n<p class=\"wp-block-paragraph\"><\/p>\n\n<h5 class=\"wp-block-heading\">Objectius:<\/h5>\n\n<p class=\"wp-block-paragraph\">Garantir que infants i joves de les comunitats de Calamba City i San Carlos puguin continuar la seva educaci\u00f3 de manera integral, superant les barreres econ\u00f2miques que limiten el seu desenvolupament acad\u00e8mic i personal.<\/p>\n\n<p class=\"wp-block-paragraph\"><strong>Beneficiaris: <\/strong><\/p>\n\n<ul class=\"wp-block-list\">\n<li>Calamba City: 21 alumnes de prim\u00e0ria, 7 de secund\u00e0ria i 3 de batxillerat.<\/li>\n\n\n\n<li>San Carlos: 21 alumnes del Colegio Anunciata.<\/li>\n<\/ul>\n\n<p class=\"wp-block-paragraph\">En total, 52 estudiants reben suport directe. De manera indirecta, tamb\u00e9 se&#8217;n beneficien les seves fam\u00edlies, que compten amb una major estabilitat educativa i aliment\u00e0ria.<br\/> <\/p>\n\n<p class=\"wp-block-paragraph\">Pressupost total del projecte: 12.230,10 \u20ac<br\/><\/p>\n","protected":false},"excerpt":{"rendered":"<p>Projectes executats durant el curs 2024-2025 Les comunitats de Calamba City (Laguna) i San Carlos, Pangasinan, a les Filipines, reflecteixen la realitat de moltes fam\u00edlies que viuen en condicions de pobresa multidimensional. En tots dos contextos, els infants i joves s&#8217;enfronten a barreres per continuar els seus estudis: manca de recursos per al transport, l&#8217;alimentaci\u00f3, [&hellip;]<\/p>\n","protected":false},"author":140901724,"featured_media":8680,"comment_status":"open","ping_status":"open","sticky":false,"template":"","format":"standard","meta":{"_et_pb_use_builder":"off","_et_pb_old_content":"","_et_gb_content_width":"","advanced_seo_description":"","jetpack_seo_html_title":"","jetpack_seo_noindex":false,"jetpack_seo_schema_type":"","_jetpack_newsletter_access":"","_jetpack_dont_email_post_to_subs":false,"_jetpack_newsletter_tier_id":0,"_jetpack_memberships_contains_paywalled_content":false,"_wpcom_ai_launchpad_first_post":false,"_jetpack_feature_clip_id":0,"_jetpack_memberships_contains_paid_content":false,"footnotes":"","jetpack_publicize_message":"{title}\n\n{excerpt}\n\n{url}","jetpack_publicize_feature_enabled":true,"jetpack_social_post_already_shared":true,"jetpack_social_options":{"image_generator_settings":{"template":"highway","default_image_id":0,"font":"","enabled":false},"version":2},"_wpas_customize_per_network":false,"jetpack_post_was_ever_published":false},"categories":[1],"tags":[],"class_list":["post-8681","post","type-post","status-publish","format-standard","has-post-thumbnail","hentry","category-sin-categorizar"],"jetpack_publicize_connections":[],"jetpack_likes_enabled":false,"jetpack_sharing_enabled":true,"jetpack_shortlink":"https:\/\/wp.me\/pa1JU2-2g1","jetpack_featured_media_url":"https:\/\/i0.wp.com\/anunciatasolidaria.org\/wp-content\/uploads\/2025\/08\/becas-escolares-apoyo-educativo.jpg?fit=1600%2C1200&ssl=1","_links":{"self":[{"href":"https:\/\/anunciatasolidaria.org\/ca\/wp-json\/wp\/v2\/posts\/8681","targetHints":{"allow":["GET"]}}],"collection":[{"href":"https:\/\/anunciatasolidaria.org\/ca\/wp-json\/wp\/v2\/posts"}],"about":[{"href":"https:\/\/anunciatasolidaria.org\/ca\/wp-json\/wp\/v2\/types\/post"}],"author":[{"embeddable":true,"href":"https:\/\/anunciatasolidaria.org\/ca\/wp-json\/wp\/v2\/users\/140901724"}],"replies":[{"embeddable":true,"href":"https:\/\/anunciatasolidaria.org\/ca\/wp-json\/wp\/v2\/comments?post=8681"}],"version-history":[{"count":1,"href":"https:\/\/anunciatasolidaria.org\/ca\/wp-json\/wp\/v2\/posts\/8681\/revisions"}],"predecessor-version":[{"id":8682,"href":"https:\/\/anunciatasolidaria.org\/ca\/wp-json\/wp\/v2\/posts\/8681\/revisions\/8682"}],"wp:featuredmedia":[{"embeddable":true,"href":"https:\/\/anunciatasolidaria.org\/ca\/wp-json\/wp\/v2\/media\/8680"}],"wp:attachment":[{"href":"https:\/\/anunciatasolidaria.org\/ca\/wp-json\/wp\/v2\/media?parent=8681"}],"wp:term":[{"taxonomy":"category","embeddable":true,"href":"https:\/\/anunciatasolidaria.org\/ca\/wp-json\/wp\/v2\/categories?post=8681"},{"taxonomy":"post_tag","embeddable":true,"href":"https:\/\/anunciatasolidaria.org\/ca\/wp-json\/wp\/v2\/tags?post=8681"}],"curies":[{"name":"wp","href":"https:\/\/api.w.org\/{rel}","templated":true}]}}