{"id":8689,"date":"2025-08-12T17:06:25","date_gmt":"2025-08-12T17:06:25","guid":{"rendered":"https:\/\/anunciatasolidaria.org\/emergencia-a-les-filipines-ajuda-a-families-afectades-pel-tifo-wipha-a-san-carlos-pangasinan\/"},"modified":"2026-08-08T01:01:39","modified_gmt":"2026-08-08T01:01:39","slug":"emergencia-a-les-filipines-ajuda-a-families-afectades-pel-tifo-wipha-a-san-carlos-pangasinan","status":"publish","type":"post","link":"https:\/\/anunciatasolidaria.org\/ca\/emergencia-a-les-filipines-ajuda-a-families-afectades-pel-tifo-wipha-a-san-carlos-pangasinan\/","title":{"rendered":"Emerg\u00e8ncia a les Filipines: ajuda a fam\u00edlies afectades pel tif\u00f3 Wipha a San Carlos, Pangasinan"},"content":{"rendered":"\n<h4 class=\"wp-block-heading\"><strong>Projecte executat durant el curs 2025-2026<br\/><\/strong><\/h4>\n\n<p class=\"wp-block-paragraph\">El juliol de 2025, el tif\u00f3 Wipha va sotmetre la ciutat de San Carlos, a la prov\u00edncia de Pangasinan (Filipines), provocant pluges torrencials i inundacions greus. Les autoritats locals van declarar l&#8217;estat de calamitat a causa dels estralls causats en habitatges, conreus, ramaderia i fonts b\u00e0siques de subsist\u00e8ncia.<br\/> <\/p>\n\n<p class=\"wp-block-paragraph\">Les zones m\u00e9s afectades van ser Barangay Salinap i Sitio Kumpog, Antipangol, on moltes fam\u00edlies van perdre els seus mitjans de vida i les seves pertinences. Les collites van ser arrasades, l&#8217;aviram i el ramat van morir, i l&#8217;acc\u00e9s a aliments i serveis b\u00e0sics va quedar interromput. <\/p>\n\n<p class=\"wp-block-paragraph\">Tot i que el nivell de l&#8217;aigua ha baixat, la situaci\u00f3 humanit\u00e0ria continua sent cr\u00edtica. Les fam\u00edlies s&#8217;enfronten a enormes dificultats per reconstruir la seva vida amb recursos molt limitats. Aquesta crisi s&#8217;afegeix a un context recurrent de desastres naturals a la regi\u00f3, que febleix progressivament la resili\u00e8ncia comunit\u00e0ria. Segons dades del Consell Nacional per a la Reducci\u00f3 i Gesti\u00f3 del Risc de Desastres (NDRRMC), m\u00e9s de 50.000 persones es van veure afectades al nord de Luzon durant l&#8217;actual temporada de tifons.<br\/>   <\/p>\n\n<div class=\"wp-block-jetpack-slideshow aligncenter\" data-effect=\"slide\" style=\"--aspect-ratio:calc(1024 \/ 576)\"><div class=\"wp-block-jetpack-slideshow_container swiper\"><ul class=\"wp-block-jetpack-slideshow_swiper-wrapper swiper-wrapper\"><li class=\"wp-block-jetpack-slideshow_slide swiper-slide\"><figure><img data-recalc-dims=\"1\" loading=\"lazy\" decoding=\"async\" width=\"1024\" height=\"576\" alt=\"\" class=\"wp-block-jetpack-slideshow_image wp-image-4186\" data-id=\"4186\" data-aspect-ratio=\"1024 \/ 576\" src=\"https:\/\/i0.wp.com\/anunciatasolidaria.org\/wp-content\/uploads\/2025\/08\/ayuda-tifon-wipha-filipinas-anunciata-solidaria.jpg?resize=1024%2C576&#038;ssl=1\" srcset=\"https:\/\/anunciatasolidaria.org\/wp-content\/uploads\/2025\/08\/ayuda-tifon-wipha-filipinas-anunciata-solidaria-980x551.jpg?crop=1 980w, https:\/\/anunciatasolidaria.org\/wp-content\/uploads\/2025\/08\/ayuda-tifon-wipha-filipinas-anunciata-solidaria-480x270.jpg?crop=1 480w\" sizes=\"(min-width: 0px) and (max-width: 480px) 480px, (min-width: 481px) and (max-width: 980px) 980px, (min-width: 981px) 1024px, 100vw\" \/><\/figure><\/li><li class=\"wp-block-jetpack-slideshow_slide swiper-slide\"><figure><img data-recalc-dims=\"1\" loading=\"lazy\" decoding=\"async\" width=\"1024\" height=\"576\" alt=\"\" class=\"wp-block-jetpack-slideshow_image wp-image-4185\" data-id=\"4185\" data-aspect-ratio=\"1024 \/ 576\" src=\"https:\/\/i0.wp.com\/anunciatasolidaria.org\/wp-content\/uploads\/2025\/08\/ayuda-tifon-wipha-anunciata-solidaria.jpg?resize=1024%2C576&#038;ssl=1\" srcset=\"https:\/\/anunciatasolidaria.org\/wp-content\/uploads\/2025\/08\/ayuda-tifon-wipha-anunciata-solidaria-980x551.jpg?crop=1 980w, https:\/\/anunciatasolidaria.org\/wp-content\/uploads\/2025\/08\/ayuda-tifon-wipha-anunciata-solidaria-480x270.jpg?crop=1 480w\" sizes=\"(min-width: 0px) and (max-width: 480px) 480px, (min-width: 481px) and (max-width: 980px) 980px, (min-width: 981px) 1024px, 100vw\" \/><\/figure><\/li><li class=\"wp-block-jetpack-slideshow_slide swiper-slide\"><figure><img data-recalc-dims=\"1\" loading=\"lazy\" decoding=\"async\" width=\"1024\" height=\"576\" alt=\"\" class=\"wp-block-jetpack-slideshow_image wp-image-4184\" data-id=\"4184\" data-aspect-ratio=\"1024 \/ 576\" src=\"https:\/\/i0.wp.com\/anunciatasolidaria.org\/wp-content\/uploads\/2025\/08\/tifon-wipha-filipinas.jpg?resize=1024%2C576&#038;ssl=1\" srcset=\"https:\/\/anunciatasolidaria.org\/wp-content\/uploads\/2025\/08\/tifon-wipha-filipinas-980x551.jpg?crop=1 980w, https:\/\/anunciatasolidaria.org\/wp-content\/uploads\/2025\/08\/tifon-wipha-filipinas-480x270.jpg?crop=1 480w\" sizes=\"(min-width: 0px) and (max-width: 480px) 480px, (min-width: 481px) and (max-width: 980px) 980px, (min-width: 981px) 1024px, 100vw\" \/><\/figure><\/li><li class=\"wp-block-jetpack-slideshow_slide swiper-slide\"><figure><img data-recalc-dims=\"1\" loading=\"lazy\" decoding=\"async\" width=\"1024\" height=\"576\" alt=\"\" class=\"wp-block-jetpack-slideshow_image wp-image-4187\" data-id=\"4187\" data-aspect-ratio=\"1024 \/ 576\" src=\"https:\/\/i0.wp.com\/anunciatasolidaria.org\/wp-content\/uploads\/2025\/08\/ayuda-solidaria-filipinas.jpg?resize=1024%2C576&#038;ssl=1\" srcset=\"https:\/\/anunciatasolidaria.org\/wp-content\/uploads\/2025\/08\/ayuda-solidaria-filipinas-980x551.jpg?crop=1 980w, https:\/\/anunciatasolidaria.org\/wp-content\/uploads\/2025\/08\/ayuda-solidaria-filipinas-480x270.jpg?crop=1 480w\" sizes=\"(min-width: 0px) and (max-width: 480px) 480px, (min-width: 481px) and (max-width: 980px) 980px, (min-width: 981px) 1024px, 100vw\" \/><\/figure><\/li><li class=\"wp-block-jetpack-slideshow_slide swiper-slide\"><figure><img data-recalc-dims=\"1\" loading=\"lazy\" decoding=\"async\" width=\"1024\" height=\"707\" alt=\"\" class=\"wp-block-jetpack-slideshow_image wp-image-4183\" data-id=\"4183\" data-aspect-ratio=\"1024 \/ 707\" src=\"https:\/\/i0.wp.com\/anunciatasolidaria.org\/wp-content\/uploads\/2025\/08\/ayuda-a-familias-afectadas-tifon-wipha.jpg?resize=1024%2C707&#038;ssl=1\" srcset=\"https:\/\/anunciatasolidaria.org\/wp-content\/uploads\/2025\/08\/ayuda-a-familias-afectadas-tifon-wipha-1024x707.jpg 1024w, https:\/\/anunciatasolidaria.org\/wp-content\/uploads\/2025\/08\/ayuda-a-familias-afectadas-tifon-wipha-980x677.jpg 980w, https:\/\/anunciatasolidaria.org\/wp-content\/uploads\/2025\/08\/ayuda-a-familias-afectadas-tifon-wipha-480x331.jpg 480w\" sizes=\"(min-width: 0px) and (max-width: 480px) 480px, (min-width: 481px) and (max-width: 980px) 980px, (min-width: 981px) 1024px, 100vw\" \/><\/figure><\/li><\/ul><a class=\"wp-block-jetpack-slideshow_button-prev swiper-button-prev swiper-button-white\" role=\"button\"><\/a><a class=\"wp-block-jetpack-slideshow_button-next swiper-button-next swiper-button-white\" role=\"button\"><\/a><a aria-label=\"Pause Slideshow\" class=\"wp-block-jetpack-slideshow_button-pause\" role=\"button\"><\/a><div class=\"wp-block-jetpack-slideshow_pagination swiper-pagination swiper-pagination-white\"><\/div><\/div><\/div>\n\n<p class=\"wp-block-paragraph\"><\/p>\n\n<h5 class=\"wp-block-heading\"><strong>La intervenci\u00f3:<\/strong><\/h5>\n\n<p class=\"wp-block-paragraph\">Com a resposta immediata, la Fundaci\u00f3 Anunciata Solid\u00e0ria, en coordinaci\u00f3 amb la comunitat local de Germanes de l&#8217;Anunciata i el Colegio Anunciata de San Carlos, va activar un pla d&#8217;emerg\u00e8ncia de curta durada (2-3 dies) per a la distribuci\u00f3 de kits alimentaris entre les fam\u00edlies m\u00e9s afectades, mentre els equips d&#8217;emerg\u00e8ncia es fan presents.<br\/><\/p>\n\n<p class=\"wp-block-paragraph\">Cada kit va incloure:<br\/><\/p>\n\n<ul class=\"wp-block-list\">\n<li>3 quilos d&#8217;arr\u00f2s<\/li>\n\n\n\n<li>2 llaunes de conserves (sardines, past\u00eds de carn, tonyina o d&#8217;altres)<\/li>\n\n\n\n<li>4 paquets de fideus instantanis<\/li>\n\n\n\n<li>1 paquet de galetes tipus Skyflakes. <br\/>La distribuci\u00f3 va ser possible gr\u00e0cies a la infraestructura local de la Congregaci\u00f3 i el seu coneixement del territori, la qual cosa va permetre una resposta r\u00e0pida, segura i equitativa.<br\/><br\/><\/li>\n<\/ul>\n\n<p class=\"wp-block-paragraph\"><strong>Beneficiaris:<\/strong><\/p>\n\n<ul class=\"wp-block-list\">\n<li>Nombre de fam\u00edlies ateses: 145<\/li>\n\n\n\n<li>Estimaci\u00f3 de persones benefici\u00e0ries directes: 725<\/li>\n\n\n\n<li>Perfil dels beneficiaris: Fam\u00edlies camperoles i rurals amb mitjans de vida perduts o severament afectats, sense acc\u00e9s immediat a aliments ni xarxes de suport s\u00f2lides.<\/li>\n<\/ul>\n\n<p class=\"wp-block-paragraph\"><\/p>\n","protected":false},"excerpt":{"rendered":"<p>Projecte executat durant el curs 2025-2026 El juliol de 2025, el tif\u00f3 Wipha va sotmetre la ciutat de San Carlos, a la prov\u00edncia de Pangasinan (Filipines), provocant pluges torrencials i inundacions greus. Les autoritats locals van declarar l&#8217;estat de calamitat a causa dels estralls causats en habitatges, conreus, ramaderia i fonts b\u00e0siques de subsist\u00e8ncia. Les [&hellip;]<\/p>\n","protected":false},"author":140901724,"featured_media":8688,"comment_status":"open","ping_status":"open","sticky":false,"template":"","format":"standard","meta":{"_et_pb_use_builder":"off","_et_pb_old_content":"","_et_gb_content_width":"","advanced_seo_description":"","jetpack_seo_html_title":"","jetpack_seo_noindex":false,"jetpack_seo_schema_type":"","_jetpack_newsletter_access":"","_jetpack_dont_email_post_to_subs":false,"_jetpack_newsletter_tier_id":0,"_jetpack_memberships_contains_paywalled_content":false,"_wpcom_ai_launchpad_first_post":false,"_jetpack_feature_clip_id":0,"_jetpack_memberships_contains_paid_content":false,"footnotes":"","jetpack_publicize_message":"{title}\n\n{excerpt}\n\n{url}","jetpack_publicize_feature_enabled":true,"jetpack_social_post_already_shared":true,"jetpack_social_options":{"image_generator_settings":{"template":"highway","default_image_id":0,"font":"","enabled":false},"version":2},"_wpas_customize_per_network":false,"jetpack_post_was_ever_published":false},"categories":[1],"tags":[],"class_list":["post-8689","post","type-post","status-publish","format-standard","has-post-thumbnail","hentry","category-sin-categorizar"],"jetpack_publicize_connections":[],"jetpack_likes_enabled":false,"jetpack_sharing_enabled":true,"jetpack_shortlink":"https:\/\/wp.me\/pa1JU2-2g9","jetpack_featured_media_url":"https:\/\/i0.wp.com\/anunciatasolidaria.org\/wp-content\/uploads\/2025\/08\/emergencia-en-filipinas.jpg?fit=1600%2C900&ssl=1","_links":{"self":[{"href":"https:\/\/anunciatasolidaria.org\/ca\/wp-json\/wp\/v2\/posts\/8689","targetHints":{"allow":["GET"]}}],"collection":[{"href":"https:\/\/anunciatasolidaria.org\/ca\/wp-json\/wp\/v2\/posts"}],"about":[{"href":"https:\/\/anunciatasolidaria.org\/ca\/wp-json\/wp\/v2\/types\/post"}],"author":[{"embeddable":true,"href":"https:\/\/anunciatasolidaria.org\/ca\/wp-json\/wp\/v2\/users\/140901724"}],"replies":[{"embeddable":true,"href":"https:\/\/anunciatasolidaria.org\/ca\/wp-json\/wp\/v2\/comments?post=8689"}],"version-history":[{"count":1,"href":"https:\/\/anunciatasolidaria.org\/ca\/wp-json\/wp\/v2\/posts\/8689\/revisions"}],"predecessor-version":[{"id":8690,"href":"https:\/\/anunciatasolidaria.org\/ca\/wp-json\/wp\/v2\/posts\/8689\/revisions\/8690"}],"wp:featuredmedia":[{"embeddable":true,"href":"https:\/\/anunciatasolidaria.org\/ca\/wp-json\/wp\/v2\/media\/8688"}],"wp:attachment":[{"href":"https:\/\/anunciatasolidaria.org\/ca\/wp-json\/wp\/v2\/media?parent=8689"}],"wp:term":[{"taxonomy":"category","embeddable":true,"href":"https:\/\/anunciatasolidaria.org\/ca\/wp-json\/wp\/v2\/categories?post=8689"},{"taxonomy":"post_tag","embeddable":true,"href":"https:\/\/anunciatasolidaria.org\/ca\/wp-json\/wp\/v2\/tags?post=8689"}],"curies":[{"name":"wp","href":"https:\/\/api.w.org\/{rel}","templated":true}]}}