{"id":8692,"date":"2025-08-12T15:41:39","date_gmt":"2025-08-12T15:41:39","guid":{"rendered":"https:\/\/anunciatasolidaria.org\/emergencia-dana-a-la-comunitat-valenciana-i-castella-la-manxa-resposta-solidaria-fasol\/"},"modified":"2026-08-08T01:03:18","modified_gmt":"2026-08-08T01:03:18","slug":"emergencia-dana-a-la-comunitat-valenciana-i-castella-la-manxa-resposta-solidaria-fasol","status":"publish","type":"post","link":"https:\/\/anunciatasolidaria.org\/ca\/emergencia-dana-a-la-comunitat-valenciana-i-castella-la-manxa-resposta-solidaria-fasol\/","title":{"rendered":"Emerg\u00e8ncia DANA a la Comunitat Valenciana i Castella la Manxa \u2013 Resposta solid\u00e0ria FASOL"},"content":{"rendered":"\n<h4 class=\"wp-block-heading\">Projecte executat durant el curs 2024-2025<\/h4>\n\n<p class=\"wp-block-paragraph\">El setembre de 2023, Espanya va ser assolada per un episodi de pluges intenses i torrencials associades a la Depressi\u00f3 A\u00efllada en Nivells Alts (DANA). Les regions m\u00e9s afectades van incloure zones de la Comunitat Valenciana i Castella la Manxa, on les pluges van causar inundacions severes, desbordaments, danys estructurals, evacuacions i la interrupci\u00f3 de serveis b\u00e0sics.<br\/> <\/p>\n\n<p class=\"wp-block-paragraph\">Les fam\u00edlies m\u00e9s afectades pertanyien a barris humils, zones perif\u00e8riques o rurals, amb habitatges precaris i poques xarxes de suport. Entre les entitats a primera l\u00ednia hi havia parr\u00f2quies, centres educatius, organitzacions socials i xarxes diocesanes que van activar respostes immediates d&#8217;ajuda.<br\/> <\/p>\n\n<h5 class=\"wp-block-heading\"><strong>La intervenci\u00f3:<\/strong><\/h5>\n\n<p class=\"wp-block-paragraph\">Des de la Fundaci\u00f3 Anunciata Solid\u00e0ria, i fidels al nostre principi d&#8217;estar al costat dels m\u00e9s vulnerables, vam activar una campanya d&#8217;emerg\u00e8ncia per canalitzar recursos econ\u00f2mics a organitzacions amb pres\u00e8ncia directa al territori afectat.<br\/><\/p>\n\n<p class=\"wp-block-paragraph\">La nostra missi\u00f3, davant la impossibilitat d&#8217;intervenir de manera operativa sobre el terreny, va ser activar les nostres xarxes internes i externes per sostenir el treball de qui s\u00ed que podia assistir, acompanyar i reconstruir juntament amb les fam\u00edlies damnificades.<br\/><\/p>\n\n<p class=\"wp-block-paragraph\">Aquesta acci\u00f3 reafirma que, tot i que la nostra tasca es centra habitualment en contextos rurals de pa\u00efsos en vies de desenvolupament, no podem ser aliens al patiment que es manifesta a prop nostre.<br\/><\/p>\n\n<p class=\"wp-block-paragraph\"><strong>Beneficiaris:<\/strong><\/p>\n\n<p class=\"wp-block-paragraph\">L&#8217;ajuda canalitzada va beneficiar directament i indirectament fam\u00edlies afectades per la DANA en municipis de la Comunitat Valenciana i Castella la Manxa, a trav\u00e9s de les entitats seg\u00fcents:<br\/><\/p>\n\n<ul class=\"wp-block-list\">\n<li>C\u00e0ritas Val\u00e8ncia<\/li>\n\n\n\n<li>C\u00e0ritas Albacete<\/li>\n\n\n\n<li>Escoles Cat\u00f2liques<\/li>\n\n\n\n<li>Mensajeros de la Paz<\/li>\n\n\n\n<li>Parr\u00f2quia Nuestra Se\u00f1ora de Monte-Si\u00f3n de La Torre (Paiporta)<\/li>\n<\/ul>\n\n<p class=\"wp-block-paragraph\">Total recaptat: 78.000 \u20ac canalitzats en la seva totalitat a les organitzacions esmentades.<br\/><\/p>\n","protected":false},"excerpt":{"rendered":"<p>Projecte executat durant el curs 2024-2025 El setembre de 2023, Espanya va ser assolada per un episodi de pluges intenses i torrencials associades a la Depressi\u00f3 A\u00efllada en Nivells Alts (DANA). Les regions m\u00e9s afectades van incloure zones de la Comunitat Valenciana i Castella la Manxa, on les pluges van causar inundacions severes, desbordaments, danys [&hellip;]<\/p>\n","protected":false},"author":140901724,"featured_media":8691,"comment_status":"open","ping_status":"open","sticky":false,"template":"","format":"standard","meta":{"_et_pb_use_builder":"off","_et_pb_old_content":"","_et_gb_content_width":"","advanced_seo_description":"","jetpack_seo_html_title":"","jetpack_seo_noindex":false,"jetpack_seo_schema_type":"","_jetpack_newsletter_access":"","_jetpack_dont_email_post_to_subs":false,"_jetpack_newsletter_tier_id":0,"_jetpack_memberships_contains_paywalled_content":false,"_wpcom_ai_launchpad_first_post":false,"_jetpack_feature_clip_id":0,"_jetpack_memberships_contains_paid_content":false,"footnotes":"","jetpack_publicize_message":"{title}\n\n{excerpt}\n\n{url}","jetpack_publicize_feature_enabled":true,"jetpack_social_post_already_shared":true,"jetpack_social_options":{"image_generator_settings":{"template":"highway","default_image_id":0,"font":"","enabled":false},"version":2},"_wpas_customize_per_network":false,"jetpack_post_was_ever_published":false},"categories":[1],"tags":[],"class_list":["post-8692","post","type-post","status-publish","format-standard","has-post-thumbnail","hentry","category-sin-categorizar"],"jetpack_publicize_connections":[],"jetpack_likes_enabled":false,"jetpack_sharing_enabled":true,"jetpack_shortlink":"https:\/\/wp.me\/pa1JU2-2gc","jetpack_featured_media_url":"https:\/\/i0.wp.com\/anunciatasolidaria.org\/wp-content\/uploads\/2025\/08\/emergencia-dana-comunidad-valenciana-agencia-efe.jpg?fit=1920%2C1282&ssl=1","_links":{"self":[{"href":"https:\/\/anunciatasolidaria.org\/ca\/wp-json\/wp\/v2\/posts\/8692","targetHints":{"allow":["GET"]}}],"collection":[{"href":"https:\/\/anunciatasolidaria.org\/ca\/wp-json\/wp\/v2\/posts"}],"about":[{"href":"https:\/\/anunciatasolidaria.org\/ca\/wp-json\/wp\/v2\/types\/post"}],"author":[{"embeddable":true,"href":"https:\/\/anunciatasolidaria.org\/ca\/wp-json\/wp\/v2\/users\/140901724"}],"replies":[{"embeddable":true,"href":"https:\/\/anunciatasolidaria.org\/ca\/wp-json\/wp\/v2\/comments?post=8692"}],"version-history":[{"count":1,"href":"https:\/\/anunciatasolidaria.org\/ca\/wp-json\/wp\/v2\/posts\/8692\/revisions"}],"predecessor-version":[{"id":8693,"href":"https:\/\/anunciatasolidaria.org\/ca\/wp-json\/wp\/v2\/posts\/8692\/revisions\/8693"}],"wp:featuredmedia":[{"embeddable":true,"href":"https:\/\/anunciatasolidaria.org\/ca\/wp-json\/wp\/v2\/media\/8691"}],"wp:attachment":[{"href":"https:\/\/anunciatasolidaria.org\/ca\/wp-json\/wp\/v2\/media?parent=8692"}],"wp:term":[{"taxonomy":"category","embeddable":true,"href":"https:\/\/anunciatasolidaria.org\/ca\/wp-json\/wp\/v2\/categories?post=8692"},{"taxonomy":"post_tag","embeddable":true,"href":"https:\/\/anunciatasolidaria.org\/ca\/wp-json\/wp\/v2\/tags?post=8692"}],"curies":[{"name":"wp","href":"https:\/\/api.w.org\/{rel}","templated":true}]}}