{"id":8055,"date":"2025-08-12T15:34:17","date_gmt":"2025-08-12T15:34:17","guid":{"rendered":"https:\/\/anunciatasolidaria.org\/installation-de-panneaux-solaires-au-foyer-anunciata-de-sinende-benin\/"},"modified":"2026-07-24T06:09:03","modified_gmt":"2026-07-24T06:09:03","slug":"installation-de-panneaux-solaires-au-foyer-anunciata-de-sinende-benin","status":"publish","type":"post","link":"https:\/\/anunciatasolidaria.org\/fr\/installation-de-panneaux-solaires-au-foyer-anunciata-de-sinende-benin\/","title":{"rendered":"Installation de panneaux solaires au Foyer Anunciata de Sinend\u00e9, B\u00e9nin"},"content":{"rendered":"\n<h4 class=\"wp-block-heading\">Projet r\u00e9alis\u00e9 durant l\u2019ann\u00e9e scolaire 2024\u20132025<\/h4>\n\n<p class=\"wp-block-paragraph\"><strong>Sinend\u00e9 <\/strong>est une commune rurale situ\u00e9e dans le d\u00e9partement du Borgou, au nord du <strong>B\u00e9nin<\/strong>, un pays d\u2019Afrique de l\u2019Ouest comptant plus de <strong>13 millions d\u2019habitants<\/strong>. Le B\u00e9nin est un \u00c9tat officiellement la\u00efque et d\u00e9mocratique dont l\u2019\u00e9conomie repose principalement sur l\u2019agriculture de subsistance. Bien que le pays ait connu des avanc\u00e9es en mati\u00e8re de d\u00e9veloppement humain au cours des derni\u00e8res d\u00e9cennies, <strong>d\u2019importantes in\u00e9galit\u00e9s subsistent entre le sud urbain et le nord rural<\/strong>, notamment en ce qui concerne l\u2019acc\u00e8s \u00e0 l\u2019\u00e9ducation, \u00e0 la sant\u00e9 et aux infrastructures de base.  <\/p>\n\n<p class=\"wp-block-paragraph\">La r\u00e9gion nord, o\u00f9 se situe Sinend\u00e9, est confront\u00e9e \u00e0 d\u2019importants <strong>d\u00e9fis socio-\u00e9conomiques<\/strong>. Les communaut\u00e9s sont majoritairement musulmanes, avec des structures familiales polygames et des moyens de subsistance centr\u00e9s sur les activit\u00e9s agricoles. <\/p>\n\n<p class=\"wp-block-paragraph\">Depuis 2007, les S\u0153urs Dominicaines de l\u2019Anunciata g\u00e8rent le Foyer Anunciata, un internat qui offre h\u00e9bergement, accompagnement \u00e9ducatif et formation int\u00e9grale \u00e0 des jeunes \u2014 principalement des filles \u2014 originaires de villages ruraux et expos\u00e9s au risque d\u2019abandon scolaire, de mariage pr\u00e9coce ou de travail des enfants. Depuis 2012, le centre accueille \u00e9galement des gar\u00e7ons en r\u00e9ponse aux demandes des familles locales. <\/p>\n\n<p class=\"wp-block-paragraph\">La communaut\u00e9 vit principalement de l\u2019agriculture et de l\u2019exportation de produits agricoles. Toutefois, l\u2019instabilit\u00e9 \u00e9conomique li\u00e9e aux crises r\u00e9gionales et \u00e0 l\u2019ins\u00e9curit\u00e9 dans le Sahel a consid\u00e9rablement r\u00e9duit les revenus des m\u00e9nages. De nombreuses familles peinent \u00e0 couvrir leurs besoins essentiels, ce qui rend l\u2019acc\u00e8s \u00e0 l\u2019\u00e9ducation formelle de plus en plus difficile. <\/p>\n\n<p class=\"wp-block-paragraph\">L\u2019un des principaux d\u00e9fis du centre a longtemps \u00e9t\u00e9 <strong>l\u2019absence d\u2019une source d\u2019\u00e9lectricit\u00e9 fiable et s\u00e9curis\u00e9e<\/strong>. Les coupures de courant fr\u00e9quentes emp\u00eachent les \u00e9l\u00e8ves d\u2019\u00e9tudier le soir, compromettent leur s\u00e9curit\u00e9 et les obligent \u00e0 utiliser des bougies, les exposant \u00e0 des accidents, \u00e0 des probl\u00e8mes de vision et \u00e0 d\u2019autres situations de vuln\u00e9rabilit\u00e9. <\/p>\n\n<figure class=\"wp-block-gallery has-nested-images columns-default is-cropped wp-block-gallery-1 is-layout-flex wp-block-gallery-is-layout-flex\">\n<figure class=\"wp-block-image size-large\"><img data-recalc-dims=\"1\" loading=\"lazy\" decoding=\"async\" width=\"1024\" height=\"683\" data-id=\"4120\" src=\"https:\/\/i0.wp.com\/anunciatasolidaria.org\/wp-content\/uploads\/2025\/08\/ninos-foyer-anunciata.jpg?resize=1024%2C683&#038;ssl=1\" alt=\"\" class=\"wp-image-4120\" srcset=\"https:\/\/anunciatasolidaria.org\/wp-content\/uploads\/2025\/08\/ninos-foyer-anunciata-980x653.jpg 980w, https:\/\/anunciatasolidaria.org\/wp-content\/uploads\/2025\/08\/ninos-foyer-anunciata-480x320.jpg 480w\" sizes=\"(min-width: 0px) and (max-width: 480px) 480px, (min-width: 481px) and (max-width: 980px) 980px, (min-width: 981px) 1024px, 100vw\" \/><\/figure>\n\n\n\n<figure class=\"wp-block-image size-large\"><img data-recalc-dims=\"1\" loading=\"lazy\" decoding=\"async\" width=\"1024\" height=\"683\" data-id=\"4121\" src=\"https:\/\/i0.wp.com\/anunciatasolidaria.org\/wp-content\/uploads\/2025\/08\/alumno-foyer-anunciata.jpg?resize=1024%2C683&#038;ssl=1\" alt=\"\" class=\"wp-image-4121\" srcset=\"https:\/\/anunciatasolidaria.org\/wp-content\/uploads\/2025\/08\/alumno-foyer-anunciata-980x653.jpg 980w, https:\/\/anunciatasolidaria.org\/wp-content\/uploads\/2025\/08\/alumno-foyer-anunciata-480x320.jpg 480w\" sizes=\"(min-width: 0px) and (max-width: 480px) 480px, (min-width: 481px) and (max-width: 980px) 980px, (min-width: 981px) 1024px, 100vw\" \/><\/figure>\n<\/figure>\n\n<p class=\"wp-block-paragraph\"><\/p>\n\n<h5 class=\"wp-block-heading\"><strong>Le projet :<\/strong><\/h5>\n\n<p class=\"wp-block-paragraph\">Ce projet vise \u00e0 <strong>installer un syst\u00e8me autonome d\u2019\u00e9nergie solaire<\/strong> au Foyer Anunciata de Sinend\u00e9, comprenant des panneaux solaires, des batteries, un syst\u00e8me d\u2019\u00e9clairage et les infrastructures \u00e9lectriques n\u00e9cessaires afin de garantir un approvisionnement \u00e9nerg\u00e9tique fiable dans l\u2019ensemble du centre.<\/p>\n\n<p class=\"wp-block-paragraph\">L\u2019intervention r\u00e9pond directement \u00e0 un besoin structurel : garantir le droit \u00e0 l\u2019\u00e9ducation dans des conditions s\u00fbres et dignes. Une source d\u2019\u00e9lectricit\u00e9 stable permettra aux \u00e9l\u00e8ves de : <\/p>\n\n<ul class=\"wp-block-list\">\n<li>\u00c9tudier pendant des horaires prolong\u00e9s en soir\u00e9e.<\/li>\n\n\n\n<li>Am\u00e9liorer leurs r\u00e9sultats scolaires.<\/li>\n\n\n\n<li>R\u00e9duire les risques li\u00e9s \u00e0 l\u2019obscurit\u00e9, notamment la pr\u00e9sence de reptiles et les incendies caus\u00e9s par les bougies.<\/li>\n\n\n\n<li>Pr\u00e9venir la fatigue oculaire et les troubles visuels dus \u00e0 l\u2019\u00e9tude dans de mauvaises conditions d\u2019\u00e9clairage. Dans un contexte rural d\u00e9favoris\u00e9, <strong>l\u2019\u00e9nergie solaire est bien plus qu\u2019une solution technique<\/strong> : c\u2019est un outil de justice \u00e9ducative, pleinement en accord avec la mission \u00e9ducative et \u00e9vang\u00e9lisatrice des S\u0153urs Dominicaines de l\u2019Anunciata. <\/li>\n<\/ul>\n\n<h5 class=\"wp-block-heading\"><strong>Objectifs :<\/strong><\/h5>\n\n<p class=\"wp-block-paragraph\"><strong>Objectif g\u00e9n\u00e9ral :<\/strong><\/p>\n\n<p class=\"wp-block-paragraph\">Am\u00e9liorer la qualit\u00e9 de vie et les conditions d\u2019\u00e9tude des jeunes accueillis au Foyer Anunciata. <\/p>\n\n<p class=\"wp-block-paragraph\"><strong>Objectifs sp\u00e9cifiques :<\/strong><\/p>\n\n<ul class=\"wp-block-list\">\n<li>Fournir une source d\u2019\u00e9lectricit\u00e9 stable et s\u00e9curis\u00e9e.<\/li>\n\n\n\n<li>Am\u00e9liorer les performances scolaires des \u00e9l\u00e8ves internes.<\/li>\n\n\n\n<li>Renforcer la s\u00e9curit\u00e9 au sein de l\u2019internat pendant la nuit.<\/li>\n\n\n\n<li>Pr\u00e9venir les probl\u00e8mes de sant\u00e9 visuelle et les accidents li\u00e9s \u00e0 un \u00e9clairage insuffisant.<\/li>\n<\/ul>\n\n<p class=\"wp-block-paragraph\"><strong>B\u00e9n\u00e9ficiaires :<\/strong><\/p>\n\n<ul class=\"wp-block-list\">\n<li>128 \u00e9l\u00e8ves internes (80 filles et 48 gar\u00e7ons).<\/li>\n\n\n\n<li>La communaut\u00e9 \u00e9ducative du Foyer Anunciata.<\/li>\n\n\n\n<li>Les familles des \u00e9l\u00e8ves, qui consid\u00e8rent le centre comme une alternative \u00e0 l\u2019abandon scolaire et au mariage pr\u00e9coce.<\/li>\n<\/ul>\n\n<p class=\"wp-block-paragraph\"><strong>Budget total du projet : <\/strong>13 073,91 \u20ac <\/p>\n\n<p class=\"wp-block-paragraph\">Le budget comprend l\u2019achat et l\u2019installation de panneaux solaires, de batteries, de r\u00e9gulateurs de charge, de c\u00e2blage, de luminaires, de convertisseurs \u00e9lectriques, de mat\u00e9riel d\u2019installation et de main-d\u2019\u0153uvre technique sp\u00e9cialis\u00e9e.<\/p>\n","protected":false},"excerpt":{"rendered":"<p>Projet r\u00e9alis\u00e9 durant l\u2019ann\u00e9e scolaire 2024\u20132025 Sinend\u00e9 est une commune rurale situ\u00e9e dans le d\u00e9partement du Borgou, au nord du B\u00e9nin, un pays d\u2019Afrique de l\u2019Ouest comptant plus de 13 millions d\u2019habitants. Le B\u00e9nin est un \u00c9tat officiellement la\u00efque et d\u00e9mocratique dont l\u2019\u00e9conomie repose principalement sur l\u2019agriculture de subsistance. Bien que le pays ait connu [&hellip;]<\/p>\n","protected":false},"author":140901724,"featured_media":8054,"comment_status":"open","ping_status":"open","sticky":false,"template":"","format":"standard","meta":{"_et_pb_use_builder":"off","_et_pb_old_content":"","_et_gb_content_width":"","advanced_seo_description":"","jetpack_seo_html_title":"","jetpack_seo_noindex":false,"jetpack_seo_schema_type":"","_jetpack_newsletter_access":"","_jetpack_dont_email_post_to_subs":false,"_jetpack_newsletter_tier_id":0,"_jetpack_memberships_contains_paywalled_content":false,"_wpcom_ai_launchpad_first_post":false,"_jetpack_feature_clip_id":0,"_jetpack_memberships_contains_paid_content":false,"footnotes":"","jetpack_publicize_message":"{title}\n\n{excerpt}\n\n{url}","jetpack_publicize_feature_enabled":true,"jetpack_social_post_already_shared":true,"jetpack_social_options":{"image_generator_settings":{"template":"highway","default_image_id":0,"font":"","enabled":false},"version":2},"_wpas_customize_per_network":false,"jetpack_post_was_ever_published":false},"categories":[995396],"tags":[],"class_list":["post-8055","post","type-post","status-publish","format-standard","has-post-thumbnail","hentry","category-projet-educatif"],"jetpack_publicize_connections":[],"jetpack_likes_enabled":false,"jetpack_sharing_enabled":true,"jetpack_shortlink":"https:\/\/wp.me\/pa1JU2-25V","jetpack_featured_media_url":"https:\/\/i0.wp.com\/anunciatasolidaria.org\/wp-content\/uploads\/2025\/08\/alumnos-foyer-anunciata.jpg?fit=2048%2C1152&ssl=1","_links":{"self":[{"href":"https:\/\/anunciatasolidaria.org\/fr\/wp-json\/wp\/v2\/posts\/8055","targetHints":{"allow":["GET"]}}],"collection":[{"href":"https:\/\/anunciatasolidaria.org\/fr\/wp-json\/wp\/v2\/posts"}],"about":[{"href":"https:\/\/anunciatasolidaria.org\/fr\/wp-json\/wp\/v2\/types\/post"}],"author":[{"embeddable":true,"href":"https:\/\/anunciatasolidaria.org\/fr\/wp-json\/wp\/v2\/users\/140901724"}],"replies":[{"embeddable":true,"href":"https:\/\/anunciatasolidaria.org\/fr\/wp-json\/wp\/v2\/comments?post=8055"}],"version-history":[{"count":1,"href":"https:\/\/anunciatasolidaria.org\/fr\/wp-json\/wp\/v2\/posts\/8055\/revisions"}],"predecessor-version":[{"id":8056,"href":"https:\/\/anunciatasolidaria.org\/fr\/wp-json\/wp\/v2\/posts\/8055\/revisions\/8056"}],"wp:featuredmedia":[{"embeddable":true,"href":"https:\/\/anunciatasolidaria.org\/fr\/wp-json\/wp\/v2\/media\/8054"}],"wp:attachment":[{"href":"https:\/\/anunciatasolidaria.org\/fr\/wp-json\/wp\/v2\/media?parent=8055"}],"wp:term":[{"taxonomy":"category","embeddable":true,"href":"https:\/\/anunciatasolidaria.org\/fr\/wp-json\/wp\/v2\/categories?post=8055"},{"taxonomy":"post_tag","embeddable":true,"href":"https:\/\/anunciatasolidaria.org\/fr\/wp-json\/wp\/v2\/tags?post=8055"}],"curies":[{"name":"wp","href":"https:\/\/api.w.org\/{rel}","templated":true}]}}