{"id":8084,"date":"2025-08-12T15:41:39","date_gmt":"2025-08-12T15:41:39","guid":{"rendered":"https:\/\/anunciatasolidaria.org\/etat-durgence-dana-dans-la-communaute-valencienne-et-en-castille-la-manche-reponse-solidaire-de-la-fasol\/"},"modified":"2026-07-24T06:31:47","modified_gmt":"2026-07-24T06:31:47","slug":"etat-durgence-dana-dans-la-communaute-valencienne-et-en-castille-la-manche-reponse-solidaire-de-la-fasol","status":"publish","type":"post","link":"https:\/\/anunciatasolidaria.org\/fr\/etat-durgence-dana-dans-la-communaute-valencienne-et-en-castille-la-manche-reponse-solidaire-de-la-fasol\/","title":{"rendered":"Etat d\u2019urgence DANA dans la Communaut\u00e9 valencienne et en Castille-La Manche \u2013 R\u00e9ponse solidaire de la FASOL"},"content":{"rendered":"\n<h4 class=\"wp-block-heading\">Projet r\u00e9alis\u00e9 durant l\u2019ann\u00e9e scolaire 2024\u20132025<\/h4>\n\n<p class=\"wp-block-paragraph\">En septembre 2023, l\u2019Espagne a \u00e9t\u00e9 touch\u00e9e par un \u00e9pisode de pluies intenses et torrentielles associ\u00e9 \u00e0 une <strong>D\u00e9pression Isol\u00e9e en Haute Altitude (DANA)<\/strong>. Les r\u00e9gions les plus affect\u00e9es comprenaient plusieurs zones de la <strong>Communaut\u00e9 valencienne et de la Castille-La Manche<\/strong>, o\u00f9 les fortes pr\u00e9cipitations ont provoqu\u00e9 de graves <strong>inondations, des d\u00e9bordements de cours d\u2019eau, des d\u00e9g\u00e2ts structurels, des \u00e9vacuations<\/strong> et l\u2019interruption des services essentiels. <\/p>\n\n<p class=\"wp-block-paragraph\">Les familles les plus touch\u00e9es appartenaient \u00e0 des quartiers modestes, des zones p\u00e9riurbaines ou des communaut\u00e9s rurales, vivant souvent dans des logements pr\u00e9caires et disposant de r\u00e9seaux de soutien limit\u00e9s. Parmi les acteurs mobilis\u00e9s en premi\u00e8re ligne figuraient des paroisses, des \u00e9tablissements \u00e9ducatifs, des organisations sociales et des r\u00e9seaux dioc\u00e9sains qui ont mis en \u0153uvre des r\u00e9ponses d\u2019urgence imm\u00e9diates. <\/p>\n\n<h5 class=\"wp-block-heading\"><strong>L\u2019intervention<\/strong><\/h5>\n\n<p class=\"wp-block-paragraph\">\u00c0 la <strong>Fondation Anunciata Solidaria<\/strong>, fid\u00e8les \u00e0 notre engagement d\u2019\u00eatre aux c\u00f4t\u00e9s des plus vuln\u00e9rables, nous avons lanc\u00e9 une <strong>campagne d\u2019urgence<\/strong> afin de canaliser des ressources financi\u00e8res vers des organisations pr\u00e9sentes directement sur les territoires touch\u00e9s.<\/p>\n\n<p class=\"wp-block-paragraph\">Dans l\u2019impossibilit\u00e9 d\u2019intervenir op\u00e9rationnellement sur le terrain, notre mission a \u00e9t\u00e9 de mobiliser nos r\u00e9seaux internes et externes pour soutenir le travail de ceux qui pouvaient accompagner, assister et contribuer \u00e0 la reconstruction de la vie des familles sinistr\u00e9es.<\/p>\n\n<p class=\"wp-block-paragraph\">Cette action r\u00e9affirme que, m\u00eame si notre travail est habituellement centr\u00e9 sur les <strong>communaut\u00e9s rurales des pays en d\u00e9veloppement, nous ne pouvons rester indiff\u00e9rents \u00e0 la souffrance lorsqu\u2019elle se manifeste pr\u00e8s de nous.<\/strong><\/p>\n\n<p class=\"wp-block-paragraph\"><strong>B\u00e9n\u00e9ficiaires :<\/strong><\/p>\n\n<p class=\"wp-block-paragraph\">L\u2019aide apport\u00e9e a b\u00e9n\u00e9fici\u00e9 directement et indirectement aux familles touch\u00e9es par la DANA dans diff\u00e9rentes municipalit\u00e9s de la Communaut\u00e9 valencienne et de la Castille-La Manche, \u00e0 travers les organisations suivantes :<\/p>\n\n<ul class=\"wp-block-list\">\n<li>C\u00e1ritas Valencia<\/li>\n\n\n\n<li>C\u00e1ritas Albacete<\/li>\n\n\n\n<li>Escuelas Cat\u00f3licas<\/li>\n\n\n\n<li>Mensajeros de la Paz<\/li>\n\n\n\n<li>Paroisse Nuestra Se\u00f1ora de Monte-Si\u00f3n de La Torre (Paiporta)<\/li>\n<\/ul>\n\n<p class=\"wp-block-paragraph\"><strong>Montant total collect\u00e9 : <\/strong>78 000 \u20ac, int\u00e9gralement revers\u00e9s aux organisations mentionn\u00e9es ci-dessus.<\/p>\n","protected":false},"excerpt":{"rendered":"<p>Projet r\u00e9alis\u00e9 durant l\u2019ann\u00e9e scolaire 2024\u20132025 En septembre 2023, l\u2019Espagne a \u00e9t\u00e9 touch\u00e9e par un \u00e9pisode de pluies intenses et torrentielles associ\u00e9 \u00e0 une D\u00e9pression Isol\u00e9e en Haute Altitude (DANA). Les r\u00e9gions les plus affect\u00e9es comprenaient plusieurs zones de la Communaut\u00e9 valencienne et de la Castille-La Manche, o\u00f9 les fortes pr\u00e9cipitations ont provoqu\u00e9 de graves [&hellip;]<\/p>\n","protected":false},"author":140901724,"featured_media":8083,"comment_status":"open","ping_status":"open","sticky":false,"template":"","format":"standard","meta":{"_et_pb_use_builder":"off","_et_pb_old_content":"","_et_gb_content_width":"","advanced_seo_description":"","jetpack_seo_html_title":"","jetpack_seo_noindex":false,"jetpack_seo_schema_type":"","_jetpack_newsletter_access":"","_jetpack_dont_email_post_to_subs":false,"_jetpack_newsletter_tier_id":0,"_jetpack_memberships_contains_paywalled_content":false,"_wpcom_ai_launchpad_first_post":false,"_jetpack_feature_clip_id":0,"_jetpack_memberships_contains_paid_content":false,"footnotes":"","jetpack_publicize_message":"{title}\n\n{excerpt}\n\n{url}","jetpack_publicize_feature_enabled":true,"jetpack_social_post_already_shared":true,"jetpack_social_options":{"image_generator_settings":{"template":"highway","default_image_id":0,"font":"","enabled":false},"version":2},"_wpas_customize_per_network":false,"jetpack_post_was_ever_published":false},"categories":[995405],"tags":[],"class_list":["post-8084","post","type-post","status-publish","format-standard","has-post-thumbnail","hentry","category-foi-fasol"],"jetpack_publicize_connections":[],"jetpack_likes_enabled":false,"jetpack_sharing_enabled":true,"jetpack_shortlink":"https:\/\/wp.me\/pa1JU2-26o","jetpack_featured_media_url":"https:\/\/i0.wp.com\/anunciatasolidaria.org\/wp-content\/uploads\/2025\/08\/emergencia-dana-comunidad-valenciana-agencia-efe.jpg?fit=1920%2C1282&ssl=1","_links":{"self":[{"href":"https:\/\/anunciatasolidaria.org\/fr\/wp-json\/wp\/v2\/posts\/8084","targetHints":{"allow":["GET"]}}],"collection":[{"href":"https:\/\/anunciatasolidaria.org\/fr\/wp-json\/wp\/v2\/posts"}],"about":[{"href":"https:\/\/anunciatasolidaria.org\/fr\/wp-json\/wp\/v2\/types\/post"}],"author":[{"embeddable":true,"href":"https:\/\/anunciatasolidaria.org\/fr\/wp-json\/wp\/v2\/users\/140901724"}],"replies":[{"embeddable":true,"href":"https:\/\/anunciatasolidaria.org\/fr\/wp-json\/wp\/v2\/comments?post=8084"}],"version-history":[{"count":1,"href":"https:\/\/anunciatasolidaria.org\/fr\/wp-json\/wp\/v2\/posts\/8084\/revisions"}],"predecessor-version":[{"id":8085,"href":"https:\/\/anunciatasolidaria.org\/fr\/wp-json\/wp\/v2\/posts\/8084\/revisions\/8085"}],"wp:featuredmedia":[{"embeddable":true,"href":"https:\/\/anunciatasolidaria.org\/fr\/wp-json\/wp\/v2\/media\/8083"}],"wp:attachment":[{"href":"https:\/\/anunciatasolidaria.org\/fr\/wp-json\/wp\/v2\/media?parent=8084"}],"wp:term":[{"taxonomy":"category","embeddable":true,"href":"https:\/\/anunciatasolidaria.org\/fr\/wp-json\/wp\/v2\/categories?post=8084"},{"taxonomy":"post_tag","embeddable":true,"href":"https:\/\/anunciatasolidaria.org\/fr\/wp-json\/wp\/v2\/tags?post=8084"}],"curies":[{"name":"wp","href":"https:\/\/api.w.org\/{rel}","templated":true}]}}